{"id":4187,"date":"2021-12-14T18:59:51","date_gmt":"2021-12-14T17:59:51","guid":{"rendered":"https:\/\/le-6-espace-rencontre-et-initiatives.fr\/?p=4187"},"modified":"2021-12-14T18:59:53","modified_gmt":"2021-12-14T17:59:53","slug":"3eme-suivi-annuel-de-la-charte-departementale","status":"publish","type":"post","link":"https:\/\/le-6-espace-rencontre-et-initiatives.fr\/index.php\/2021\/12\/14\/3eme-suivi-annuel-de-la-charte-departementale\/","title":{"rendered":"3\u00e8me suivi annuel de la Charte D\u00e9partementale"},"content":{"rendered":"\n<p>Le vendredi 3 d\u00e9cembre 2021 a eu lieu le troisi\u00e8me suivi de la Charte D\u00e9partementale \u00ab\u00a0<em>Obs\u00e8ques dignes et s\u00e9pultures d\u00e9centes<\/em>\u00a0\u00bb et de la Charte \u00ab\u00a0<em>Obs\u00e8ques et s\u00e9pultures dignes des majeurs prot\u00e9g\u00e9s et isol\u00e9s<\/em>\u00ab\u00a0.<\/p>\n\n\n\n<p>Les quarante communes signataires \u00e9taient convi\u00e9es \u00e0 cette rencontre, ainsi que les collectifs Dignit\u00e9 Cimeti\u00e8re d&rsquo;Ille-et-Vilaine et les organismes tut\u00e9laires, pour un partage d&rsquo;exp\u00e9riences et pour avancer ensemble sur certaines questions telles que :<\/p>\n\n\n\n<ul class=\"wp-block-list\"><li>l&rsquo;am\u00e9nagement des s\u00e9pultures,<\/li><li>les recherches des familles et d&rsquo;informations afin de personnaliser les obs\u00e8ques,<\/li><li>la collaboration des bailleurs sociaux \u00e0 mettre en \u0153uvre,<\/li><li>&#8230;<\/li><\/ul>\n\n\n\n<p><\/p>\n","protected":false},"excerpt":{"rendered":"<p>Le vendredi 3 d\u00e9cembre 2021 a eu lieu le troisi\u00e8me suivi de la Charte D\u00e9partementale \u00ab\u00a0Obs\u00e8ques dignes et s\u00e9pultures d\u00e9centes\u00a0\u00bb<\/p>\n","protected":false},"author":1,"featured_media":385,"comment_status":"closed","ping_status":"open","sticky":false,"template":"","format":"standard","meta":{"_monsterinsights_skip_tracking":false,"_monsterinsights_sitenote_active":false,"_monsterinsights_sitenote_note":"","_monsterinsights_sitenote_category":0,"ngg_post_thumbnail":0,"footnotes":""},"categories":[3],"tags":[],"class_list":["post-4187","post","type-post","status-publish","format-standard","has-post-thumbnail","hentry","category-collectifs-dignite-cimetiere","comments-off"],"yoast_head":"<!-- This site is optimized with the Yoast SEO plugin v27.5 - https:\/\/yoast.com\/product\/yoast-seo-wordpress\/ -->\n<title>3\u00e8me suivi annuel de la Charte D\u00e9partementale - Le 6 Espace Rencontre et Initiatives<\/title>\n<meta name=\"robots\" content=\"index, follow, max-snippet:-1, max-image-preview:large, max-video-preview:-1\" \/>\n<link rel=\"canonical\" href=\"https:\/\/le-6-espace-rencontre-et-initiatives.fr\/index.php\/2021\/12\/14\/3eme-suivi-annuel-de-la-charte-departementale\/\" \/>\n<meta property=\"og:locale\" content=\"fr_FR\" \/>\n<meta property=\"og:type\" content=\"article\" \/>\n<meta property=\"og:title\" content=\"3\u00e8me suivi annuel de la Charte D\u00e9partementale - Le 6 Espace Rencontre et Initiatives\" \/>\n<meta property=\"og:description\" content=\"Le vendredi 3 d\u00e9cembre 2021 a eu lieu le troisi\u00e8me suivi de la Charte D\u00e9partementale \u00ab\u00a0Obs\u00e8ques dignes et s\u00e9pultures d\u00e9centes\u00a0\u00bb\" \/>\n<meta property=\"og:url\" content=\"https:\/\/le-6-espace-rencontre-et-initiatives.fr\/index.php\/2021\/12\/14\/3eme-suivi-annuel-de-la-charte-departementale\/\" \/>\n<meta property=\"og:site_name\" content=\"Le 6 Espace Rencontre et Initiatives\" \/>\n<meta property=\"article:publisher\" content=\"https:\/\/www.facebook.com\/espacerencontrele6rennes\" \/>\n<meta property=\"article:published_time\" content=\"2021-12-14T17:59:51+00:00\" \/>\n<meta property=\"article:modified_time\" content=\"2021-12-14T17:59:53+00:00\" \/>\n<meta property=\"og:image\" content=\"https:\/\/le-6-espace-rencontre-et-initiatives.fr\/wp-content\/uploads\/2021\/05\/Meeting-reunion-charte-2.png\" \/>\n\t<meta property=\"og:image:width\" content=\"795\" \/>\n\t<meta property=\"og:image:height\" content=\"453\" \/>\n\t<meta property=\"og:image:type\" content=\"image\/png\" \/>\n<meta name=\"author\" content=\"collectifs\" \/>\n<meta name=\"twitter:card\" content=\"summary_large_image\" \/>\n<meta name=\"twitter:label1\" content=\"\u00c9crit par\" \/>\n\t<meta name=\"twitter:data1\" content=\"collectifs\" \/>\n\t<meta name=\"twitter:label2\" content=\"Dur\u00e9e de lecture estim\u00e9e\" \/>\n\t<meta name=\"twitter:data2\" content=\"1 minute\" \/>\n<script type=\"application\/ld+json\" class=\"yoast-schema-graph\">{\"@context\":\"https:\\\/\\\/schema.org\",\"@graph\":[{\"@type\":\"Article\",\"@id\":\"https:\\\/\\\/le-6-espace-rencontre-et-initiatives.fr\\\/index.php\\\/2021\\\/12\\\/14\\\/3eme-suivi-annuel-de-la-charte-departementale\\\/#article\",\"isPartOf\":{\"@id\":\"https:\\\/\\\/le-6-espace-rencontre-et-initiatives.fr\\\/index.php\\\/2021\\\/12\\\/14\\\/3eme-suivi-annuel-de-la-charte-departementale\\\/\"},\"author\":{\"name\":\"collectifs\",\"@id\":\"https:\\\/\\\/le-6-espace-rencontre-et-initiatives.fr\\\/#\\\/schema\\\/person\\\/dbc291cd7e031ad95bd8a4fe7e73416e\"},\"headline\":\"3\u00e8me suivi annuel de la Charte D\u00e9partementale\",\"datePublished\":\"2021-12-14T17:59:51+00:00\",\"dateModified\":\"2021-12-14T17:59:53+00:00\",\"mainEntityOfPage\":{\"@id\":\"https:\\\/\\\/le-6-espace-rencontre-et-initiatives.fr\\\/index.php\\\/2021\\\/12\\\/14\\\/3eme-suivi-annuel-de-la-charte-departementale\\\/\"},\"wordCount\":115,\"publisher\":{\"@id\":\"https:\\\/\\\/le-6-espace-rencontre-et-initiatives.fr\\\/#organization\"},\"image\":{\"@id\":\"https:\\\/\\\/le-6-espace-rencontre-et-initiatives.fr\\\/index.php\\\/2021\\\/12\\\/14\\\/3eme-suivi-annuel-de-la-charte-departementale\\\/#primaryimage\"},\"thumbnailUrl\":\"https:\\\/\\\/le-6-espace-rencontre-et-initiatives.fr\\\/wp-content\\\/uploads\\\/2021\\\/05\\\/Meeting-reunion-charte-2.png\",\"articleSection\":[\"Collectifs Dignit\u00e9 Cimeti\u00e8re\"],\"inLanguage\":\"fr-FR\"},{\"@type\":\"WebPage\",\"@id\":\"https:\\\/\\\/le-6-espace-rencontre-et-initiatives.fr\\\/index.php\\\/2021\\\/12\\\/14\\\/3eme-suivi-annuel-de-la-charte-departementale\\\/\",\"url\":\"https:\\\/\\\/le-6-espace-rencontre-et-initiatives.fr\\\/index.php\\\/2021\\\/12\\\/14\\\/3eme-suivi-annuel-de-la-charte-departementale\\\/\",\"name\":\"3\u00e8me suivi annuel de la Charte D\u00e9partementale - Le 6 Espace Rencontre et Initiatives\",\"isPartOf\":{\"@id\":\"https:\\\/\\\/le-6-espace-rencontre-et-initiatives.fr\\\/#website\"},\"primaryImageOfPage\":{\"@id\":\"https:\\\/\\\/le-6-espace-rencontre-et-initiatives.fr\\\/index.php\\\/2021\\\/12\\\/14\\\/3eme-suivi-annuel-de-la-charte-departementale\\\/#primaryimage\"},\"image\":{\"@id\":\"https:\\\/\\\/le-6-espace-rencontre-et-initiatives.fr\\\/index.php\\\/2021\\\/12\\\/14\\\/3eme-suivi-annuel-de-la-charte-departementale\\\/#primaryimage\"},\"thumbnailUrl\":\"https:\\\/\\\/le-6-espace-rencontre-et-initiatives.fr\\\/wp-content\\\/uploads\\\/2021\\\/05\\\/Meeting-reunion-charte-2.png\",\"datePublished\":\"2021-12-14T17:59:51+00:00\",\"dateModified\":\"2021-12-14T17:59:53+00:00\",\"breadcrumb\":{\"@id\":\"https:\\\/\\\/le-6-espace-rencontre-et-initiatives.fr\\\/index.php\\\/2021\\\/12\\\/14\\\/3eme-suivi-annuel-de-la-charte-departementale\\\/#breadcrumb\"},\"inLanguage\":\"fr-FR\",\"potentialAction\":[{\"@type\":\"ReadAction\",\"target\":[\"https:\\\/\\\/le-6-espace-rencontre-et-initiatives.fr\\\/index.php\\\/2021\\\/12\\\/14\\\/3eme-suivi-annuel-de-la-charte-departementale\\\/\"]}]},{\"@type\":\"ImageObject\",\"inLanguage\":\"fr-FR\",\"@id\":\"https:\\\/\\\/le-6-espace-rencontre-et-initiatives.fr\\\/index.php\\\/2021\\\/12\\\/14\\\/3eme-suivi-annuel-de-la-charte-departementale\\\/#primaryimage\",\"url\":\"https:\\\/\\\/le-6-espace-rencontre-et-initiatives.fr\\\/wp-content\\\/uploads\\\/2021\\\/05\\\/Meeting-reunion-charte-2.png\",\"contentUrl\":\"https:\\\/\\\/le-6-espace-rencontre-et-initiatives.fr\\\/wp-content\\\/uploads\\\/2021\\\/05\\\/Meeting-reunion-charte-2.png\",\"width\":795,\"height\":453},{\"@type\":\"BreadcrumbList\",\"@id\":\"https:\\\/\\\/le-6-espace-rencontre-et-initiatives.fr\\\/index.php\\\/2021\\\/12\\\/14\\\/3eme-suivi-annuel-de-la-charte-departementale\\\/#breadcrumb\",\"itemListElement\":[{\"@type\":\"ListItem\",\"position\":1,\"name\":\"Accueil\",\"item\":\"https:\\\/\\\/le-6-espace-rencontre-et-initiatives.fr\\\/\"},{\"@type\":\"ListItem\",\"position\":2,\"name\":\"3\u00e8me suivi annuel de la Charte D\u00e9partementale\"}]},{\"@type\":\"WebSite\",\"@id\":\"https:\\\/\\\/le-6-espace-rencontre-et-initiatives.fr\\\/#website\",\"url\":\"https:\\\/\\\/le-6-espace-rencontre-et-initiatives.fr\\\/\",\"name\":\"Le 6 Espace Rencontre et Initiatives\",\"description\":\"Ce site pr\u00e9sente une vue d&#039;ensemble de l&#039;histoire et des actions du &quot;6&quot; \u00e0 Rennes\",\"publisher\":{\"@id\":\"https:\\\/\\\/le-6-espace-rencontre-et-initiatives.fr\\\/#organization\"},\"potentialAction\":[{\"@type\":\"SearchAction\",\"target\":{\"@type\":\"EntryPoint\",\"urlTemplate\":\"https:\\\/\\\/le-6-espace-rencontre-et-initiatives.fr\\\/?s={search_term_string}\"},\"query-input\":{\"@type\":\"PropertyValueSpecification\",\"valueRequired\":true,\"valueName\":\"search_term_string\"}}],\"inLanguage\":\"fr-FR\"},{\"@type\":\"Organization\",\"@id\":\"https:\\\/\\\/le-6-espace-rencontre-et-initiatives.fr\\\/#organization\",\"name\":\"Les collectifs du 6\",\"url\":\"https:\\\/\\\/le-6-espace-rencontre-et-initiatives.fr\\\/\",\"logo\":{\"@type\":\"ImageObject\",\"inLanguage\":\"fr-FR\",\"@id\":\"https:\\\/\\\/le-6-espace-rencontre-et-initiatives.fr\\\/#\\\/schema\\\/logo\\\/image\\\/\",\"url\":\"https:\\\/\\\/le-6-espace-rencontre-et-initiatives.fr\\\/wp-content\\\/uploads\\\/2021\\\/01\\\/Logo-Collectifs-du-6.png\",\"contentUrl\":\"https:\\\/\\\/le-6-espace-rencontre-et-initiatives.fr\\\/wp-content\\\/uploads\\\/2021\\\/01\\\/Logo-Collectifs-du-6.png\",\"width\":336,\"height\":342,\"caption\":\"Les collectifs du 6\"},\"image\":{\"@id\":\"https:\\\/\\\/le-6-espace-rencontre-et-initiatives.fr\\\/#\\\/schema\\\/logo\\\/image\\\/\"},\"sameAs\":[\"https:\\\/\\\/www.facebook.com\\\/espacerencontrele6rennes\"]},{\"@type\":\"Person\",\"@id\":\"https:\\\/\\\/le-6-espace-rencontre-et-initiatives.fr\\\/#\\\/schema\\\/person\\\/dbc291cd7e031ad95bd8a4fe7e73416e\",\"name\":\"collectifs\",\"image\":{\"@type\":\"ImageObject\",\"inLanguage\":\"fr-FR\",\"@id\":\"https:\\\/\\\/secure.gravatar.com\\\/avatar\\\/bd8ce97ffcdc8b874936274cc23aa49553482c5ebf939d440b3d0da214d87348?s=96&d=mm&r=g\",\"url\":\"https:\\\/\\\/secure.gravatar.com\\\/avatar\\\/bd8ce97ffcdc8b874936274cc23aa49553482c5ebf939d440b3d0da214d87348?s=96&d=mm&r=g\",\"contentUrl\":\"https:\\\/\\\/secure.gravatar.com\\\/avatar\\\/bd8ce97ffcdc8b874936274cc23aa49553482c5ebf939d440b3d0da214d87348?s=96&d=mm&r=g\",\"caption\":\"collectifs\"},\"sameAs\":[\"http:\\\/\\\/le-6-espace-rencontre-et-initiatives.fr\"]}]}<\/script>\n<!-- \/ Yoast SEO plugin. -->","yoast_head_json":{"title":"3\u00e8me suivi annuel de la Charte D\u00e9partementale - Le 6 Espace Rencontre et Initiatives","robots":{"index":"index","follow":"follow","max-snippet":"max-snippet:-1","max-image-preview":"max-image-preview:large","max-video-preview":"max-video-preview:-1"},"canonical":"https:\/\/le-6-espace-rencontre-et-initiatives.fr\/index.php\/2021\/12\/14\/3eme-suivi-annuel-de-la-charte-departementale\/","og_locale":"fr_FR","og_type":"article","og_title":"3\u00e8me suivi annuel de la Charte D\u00e9partementale - Le 6 Espace Rencontre et Initiatives","og_description":"Le vendredi 3 d\u00e9cembre 2021 a eu lieu le troisi\u00e8me suivi de la Charte D\u00e9partementale \u00ab\u00a0Obs\u00e8ques dignes et s\u00e9pultures d\u00e9centes\u00a0\u00bb","og_url":"https:\/\/le-6-espace-rencontre-et-initiatives.fr\/index.php\/2021\/12\/14\/3eme-suivi-annuel-de-la-charte-departementale\/","og_site_name":"Le 6 Espace Rencontre et Initiatives","article_publisher":"https:\/\/www.facebook.com\/espacerencontrele6rennes","article_published_time":"2021-12-14T17:59:51+00:00","article_modified_time":"2021-12-14T17:59:53+00:00","og_image":[{"width":795,"height":453,"url":"https:\/\/le-6-espace-rencontre-et-initiatives.fr\/wp-content\/uploads\/2021\/05\/Meeting-reunion-charte-2.png","type":"image\/png"}],"author":"collectifs","twitter_card":"summary_large_image","twitter_misc":{"\u00c9crit par":"collectifs","Dur\u00e9e de lecture estim\u00e9e":"1 minute"},"schema":{"@context":"https:\/\/schema.org","@graph":[{"@type":"Article","@id":"https:\/\/le-6-espace-rencontre-et-initiatives.fr\/index.php\/2021\/12\/14\/3eme-suivi-annuel-de-la-charte-departementale\/#article","isPartOf":{"@id":"https:\/\/le-6-espace-rencontre-et-initiatives.fr\/index.php\/2021\/12\/14\/3eme-suivi-annuel-de-la-charte-departementale\/"},"author":{"name":"collectifs","@id":"https:\/\/le-6-espace-rencontre-et-initiatives.fr\/#\/schema\/person\/dbc291cd7e031ad95bd8a4fe7e73416e"},"headline":"3\u00e8me suivi annuel de la Charte D\u00e9partementale","datePublished":"2021-12-14T17:59:51+00:00","dateModified":"2021-12-14T17:59:53+00:00","mainEntityOfPage":{"@id":"https:\/\/le-6-espace-rencontre-et-initiatives.fr\/index.php\/2021\/12\/14\/3eme-suivi-annuel-de-la-charte-departementale\/"},"wordCount":115,"publisher":{"@id":"https:\/\/le-6-espace-rencontre-et-initiatives.fr\/#organization"},"image":{"@id":"https:\/\/le-6-espace-rencontre-et-initiatives.fr\/index.php\/2021\/12\/14\/3eme-suivi-annuel-de-la-charte-departementale\/#primaryimage"},"thumbnailUrl":"https:\/\/le-6-espace-rencontre-et-initiatives.fr\/wp-content\/uploads\/2021\/05\/Meeting-reunion-charte-2.png","articleSection":["Collectifs Dignit\u00e9 Cimeti\u00e8re"],"inLanguage":"fr-FR"},{"@type":"WebPage","@id":"https:\/\/le-6-espace-rencontre-et-initiatives.fr\/index.php\/2021\/12\/14\/3eme-suivi-annuel-de-la-charte-departementale\/","url":"https:\/\/le-6-espace-rencontre-et-initiatives.fr\/index.php\/2021\/12\/14\/3eme-suivi-annuel-de-la-charte-departementale\/","name":"3\u00e8me suivi annuel de la Charte D\u00e9partementale - Le 6 Espace Rencontre et Initiatives","isPartOf":{"@id":"https:\/\/le-6-espace-rencontre-et-initiatives.fr\/#website"},"primaryImageOfPage":{"@id":"https:\/\/le-6-espace-rencontre-et-initiatives.fr\/index.php\/2021\/12\/14\/3eme-suivi-annuel-de-la-charte-departementale\/#primaryimage"},"image":{"@id":"https:\/\/le-6-espace-rencontre-et-initiatives.fr\/index.php\/2021\/12\/14\/3eme-suivi-annuel-de-la-charte-departementale\/#primaryimage"},"thumbnailUrl":"https:\/\/le-6-espace-rencontre-et-initiatives.fr\/wp-content\/uploads\/2021\/05\/Meeting-reunion-charte-2.png","datePublished":"2021-12-14T17:59:51+00:00","dateModified":"2021-12-14T17:59:53+00:00","breadcrumb":{"@id":"https:\/\/le-6-espace-rencontre-et-initiatives.fr\/index.php\/2021\/12\/14\/3eme-suivi-annuel-de-la-charte-departementale\/#breadcrumb"},"inLanguage":"fr-FR","potentialAction":[{"@type":"ReadAction","target":["https:\/\/le-6-espace-rencontre-et-initiatives.fr\/index.php\/2021\/12\/14\/3eme-suivi-annuel-de-la-charte-departementale\/"]}]},{"@type":"ImageObject","inLanguage":"fr-FR","@id":"https:\/\/le-6-espace-rencontre-et-initiatives.fr\/index.php\/2021\/12\/14\/3eme-suivi-annuel-de-la-charte-departementale\/#primaryimage","url":"https:\/\/le-6-espace-rencontre-et-initiatives.fr\/wp-content\/uploads\/2021\/05\/Meeting-reunion-charte-2.png","contentUrl":"https:\/\/le-6-espace-rencontre-et-initiatives.fr\/wp-content\/uploads\/2021\/05\/Meeting-reunion-charte-2.png","width":795,"height":453},{"@type":"BreadcrumbList","@id":"https:\/\/le-6-espace-rencontre-et-initiatives.fr\/index.php\/2021\/12\/14\/3eme-suivi-annuel-de-la-charte-departementale\/#breadcrumb","itemListElement":[{"@type":"ListItem","position":1,"name":"Accueil","item":"https:\/\/le-6-espace-rencontre-et-initiatives.fr\/"},{"@type":"ListItem","position":2,"name":"3\u00e8me suivi annuel de la Charte D\u00e9partementale"}]},{"@type":"WebSite","@id":"https:\/\/le-6-espace-rencontre-et-initiatives.fr\/#website","url":"https:\/\/le-6-espace-rencontre-et-initiatives.fr\/","name":"Le 6 Espace Rencontre et Initiatives","description":"Ce site pr\u00e9sente une vue d&#039;ensemble de l&#039;histoire et des actions du &quot;6&quot; \u00e0 Rennes","publisher":{"@id":"https:\/\/le-6-espace-rencontre-et-initiatives.fr\/#organization"},"potentialAction":[{"@type":"SearchAction","target":{"@type":"EntryPoint","urlTemplate":"https:\/\/le-6-espace-rencontre-et-initiatives.fr\/?s={search_term_string}"},"query-input":{"@type":"PropertyValueSpecification","valueRequired":true,"valueName":"search_term_string"}}],"inLanguage":"fr-FR"},{"@type":"Organization","@id":"https:\/\/le-6-espace-rencontre-et-initiatives.fr\/#organization","name":"Les collectifs du 6","url":"https:\/\/le-6-espace-rencontre-et-initiatives.fr\/","logo":{"@type":"ImageObject","inLanguage":"fr-FR","@id":"https:\/\/le-6-espace-rencontre-et-initiatives.fr\/#\/schema\/logo\/image\/","url":"https:\/\/le-6-espace-rencontre-et-initiatives.fr\/wp-content\/uploads\/2021\/01\/Logo-Collectifs-du-6.png","contentUrl":"https:\/\/le-6-espace-rencontre-et-initiatives.fr\/wp-content\/uploads\/2021\/01\/Logo-Collectifs-du-6.png","width":336,"height":342,"caption":"Les collectifs du 6"},"image":{"@id":"https:\/\/le-6-espace-rencontre-et-initiatives.fr\/#\/schema\/logo\/image\/"},"sameAs":["https:\/\/www.facebook.com\/espacerencontrele6rennes"]},{"@type":"Person","@id":"https:\/\/le-6-espace-rencontre-et-initiatives.fr\/#\/schema\/person\/dbc291cd7e031ad95bd8a4fe7e73416e","name":"collectifs","image":{"@type":"ImageObject","inLanguage":"fr-FR","@id":"https:\/\/secure.gravatar.com\/avatar\/bd8ce97ffcdc8b874936274cc23aa49553482c5ebf939d440b3d0da214d87348?s=96&d=mm&r=g","url":"https:\/\/secure.gravatar.com\/avatar\/bd8ce97ffcdc8b874936274cc23aa49553482c5ebf939d440b3d0da214d87348?s=96&d=mm&r=g","contentUrl":"https:\/\/secure.gravatar.com\/avatar\/bd8ce97ffcdc8b874936274cc23aa49553482c5ebf939d440b3d0da214d87348?s=96&d=mm&r=g","caption":"collectifs"},"sameAs":["http:\/\/le-6-espace-rencontre-et-initiatives.fr"]}]}},"_links":{"self":[{"href":"https:\/\/le-6-espace-rencontre-et-initiatives.fr\/index.php\/wp-json\/wp\/v2\/posts\/4187","targetHints":{"allow":["GET"]}}],"collection":[{"href":"https:\/\/le-6-espace-rencontre-et-initiatives.fr\/index.php\/wp-json\/wp\/v2\/posts"}],"about":[{"href":"https:\/\/le-6-espace-rencontre-et-initiatives.fr\/index.php\/wp-json\/wp\/v2\/types\/post"}],"author":[{"embeddable":true,"href":"https:\/\/le-6-espace-rencontre-et-initiatives.fr\/index.php\/wp-json\/wp\/v2\/users\/1"}],"replies":[{"embeddable":true,"href":"https:\/\/le-6-espace-rencontre-et-initiatives.fr\/index.php\/wp-json\/wp\/v2\/comments?post=4187"}],"version-history":[{"count":0,"href":"https:\/\/le-6-espace-rencontre-et-initiatives.fr\/index.php\/wp-json\/wp\/v2\/posts\/4187\/revisions"}],"wp:featuredmedia":[{"embeddable":true,"href":"https:\/\/le-6-espace-rencontre-et-initiatives.fr\/index.php\/wp-json\/wp\/v2\/media\/385"}],"wp:attachment":[{"href":"https:\/\/le-6-espace-rencontre-et-initiatives.fr\/index.php\/wp-json\/wp\/v2\/media?parent=4187"}],"wp:term":[{"taxonomy":"category","embeddable":true,"href":"https:\/\/le-6-espace-rencontre-et-initiatives.fr\/index.php\/wp-json\/wp\/v2\/categories?post=4187"},{"taxonomy":"post_tag","embeddable":true,"href":"https:\/\/le-6-espace-rencontre-et-initiatives.fr\/index.php\/wp-json\/wp\/v2\/tags?post=4187"}],"curies":[{"name":"wp","href":"https:\/\/api.w.org\/{rel}","templated":true}]}}