{"id":13222,"date":"2025-10-17T18:58:24","date_gmt":"2025-10-17T16:58:24","guid":{"rendered":"https:\/\/le-6-espace-rencontre-et-initiatives.fr\/?p=13222"},"modified":"2025-10-19T17:35:39","modified_gmt":"2025-10-19T15:35:39","slug":"visite-decouverte-de-loeuvre-chemin-de-vie","status":"publish","type":"post","link":"https:\/\/le-6-espace-rencontre-et-initiatives.fr\/index.php\/2025\/10\/17\/visite-decouverte-de-loeuvre-chemin-de-vie\/","title":{"rendered":"Visite d\u00e9couverte de l\u2019\u0153uvre \u00ab\u00a0Chemin de vie\u00a0\u00bb"},"content":{"rendered":"\n<p>Samedi 11 octobre, une quarantaine de personnes venant de Saint Nazaire, Vannes, Rennes ont profit\u00e9 d&rsquo;une rencontre r\u00e9gionale \u00e0 Rennes, pour d\u00e9couvrir l\u2019\u0153uvre d&rsquo;art \u00ab\u00a0Chemin de vie\u00a0\u00bb.<\/p>\n\n\n\n<p>Six personnes du collectif du 6 ont pr\u00e9sent\u00e9 l\u2019\u0153uvre : son histoire, sa r\u00e9alisation et le pourquoi de cette cr\u00e9ation. Nous avons rappel\u00e9 que 65 personnes ont particip\u00e9 \u00e0 la r\u00e9alisation de cette \u0153uvre avec l&rsquo;artiste Philippe Le Ray. Jo\u00ebl Gendreau a r\u00e9alis\u00e9 les gravures sur granit avec les expressions des personnes \u00e0 la rue.<\/p>\n\n\n\n<p>Elle a \u00e9t\u00e9 inaugur\u00e9e sur le site le 16 juin 2016.<\/p>\n\n\n\n<p>Les personnes \u00e0 la rue sont invisibles. Cette \u0153uvre contribue \u00e0 rendre visible ce qu&rsquo;ils vivent.<\/p>\n\n\n<div class=\"wp-block-image\">\n<figure class=\"aligncenter size-full\"><img loading=\"lazy\" decoding=\"async\" width=\"695\" height=\"455\" src=\"https:\/\/le-6-espace-rencontre-et-initiatives.fr\/wp-content\/uploads\/2021\/02\/Inauguration-de-loeuvre-chemin-de-vie.jpg\" alt=\"Photo de l'oeuvre chemin de vie prise lors de son inauguration\" class=\"wp-image-117\" srcset=\"https:\/\/le-6-espace-rencontre-et-initiatives.fr\/wp-content\/uploads\/2021\/02\/Inauguration-de-loeuvre-chemin-de-vie.jpg 695w, https:\/\/le-6-espace-rencontre-et-initiatives.fr\/wp-content\/uploads\/2021\/02\/Inauguration-de-loeuvre-chemin-de-vie-300x196.jpg 300w, https:\/\/le-6-espace-rencontre-et-initiatives.fr\/wp-content\/uploads\/2021\/02\/Inauguration-de-loeuvre-chemin-de-vie-412x270.jpg 412w\" sizes=\"auto, (max-width: 695px) 100vw, 695px\" \/><figcaption class=\"wp-element-caption\">Photo prise le jour de l&rsquo;inauguration<\/figcaption><\/figure>\n<\/div>","protected":false},"excerpt":{"rendered":"<p>Samedi 11 octobre, une quarantaine de personnes venant de Saint Nazaire, Vannes, Rennes ont profit\u00e9 d&rsquo;une rencontre r\u00e9gionale \u00e0 Rennes,<\/p>\n","protected":false},"author":1,"featured_media":13083,"comment_status":"closed","ping_status":"open","sticky":false,"template":"","format":"standard","meta":{"_monsterinsights_skip_tracking":false,"_monsterinsights_sitenote_active":false,"_monsterinsights_sitenote_note":"","_monsterinsights_sitenote_category":0,"ngg_post_thumbnail":0,"footnotes":""},"categories":[6],"tags":[],"class_list":["post-13222","post","type-post","status-publish","format-standard","has-post-thumbnail","hentry","category-loeuvre-dart-chemin-de-vie","comments-off"],"yoast_head":"<!-- This site is optimized with the Yoast SEO plugin v27.5 - https:\/\/yoast.com\/product\/yoast-seo-wordpress\/ -->\n<title>Visite d\u00e9couverte de l\u2019\u0153uvre &quot;Chemin de vie&quot; - Le 6 Espace Rencontre et Initiatives<\/title>\n<meta name=\"robots\" content=\"index, follow, max-snippet:-1, max-image-preview:large, max-video-preview:-1\" \/>\n<link rel=\"canonical\" href=\"https:\/\/le-6-espace-rencontre-et-initiatives.fr\/index.php\/2025\/10\/17\/visite-decouverte-de-loeuvre-chemin-de-vie\/\" \/>\n<meta property=\"og:locale\" content=\"fr_FR\" \/>\n<meta property=\"og:type\" content=\"article\" \/>\n<meta property=\"og:title\" content=\"Visite d\u00e9couverte de l\u2019\u0153uvre &quot;Chemin de vie&quot; - Le 6 Espace Rencontre et Initiatives\" \/>\n<meta property=\"og:description\" content=\"Samedi 11 octobre, une quarantaine de personnes venant de Saint Nazaire, Vannes, Rennes ont profit\u00e9 d&rsquo;une rencontre r\u00e9gionale \u00e0 Rennes,\" \/>\n<meta property=\"og:url\" content=\"https:\/\/le-6-espace-rencontre-et-initiatives.fr\/index.php\/2025\/10\/17\/visite-decouverte-de-loeuvre-chemin-de-vie\/\" \/>\n<meta property=\"og:site_name\" content=\"Le 6 Espace Rencontre et Initiatives\" \/>\n<meta property=\"article:publisher\" content=\"https:\/\/www.facebook.com\/espacerencontrele6rennes\" \/>\n<meta property=\"article:published_time\" content=\"2025-10-17T16:58:24+00:00\" \/>\n<meta property=\"article:modified_time\" content=\"2025-10-19T15:35:39+00:00\" \/>\n<meta property=\"og:image\" content=\"https:\/\/le-6-espace-rencontre-et-initiatives.fr\/wp-content\/uploads\/2024\/03\/Photo-oeuvre-Chemin-de-vie.png\" \/>\n\t<meta property=\"og:image:width\" content=\"697\" \/>\n\t<meta property=\"og:image:height\" content=\"451\" \/>\n\t<meta property=\"og:image:type\" content=\"image\/png\" \/>\n<meta name=\"author\" content=\"collectifs\" \/>\n<meta name=\"twitter:card\" content=\"summary_large_image\" \/>\n<meta name=\"twitter:label1\" content=\"\u00c9crit par\" \/>\n\t<meta name=\"twitter:data1\" content=\"collectifs\" \/>\n\t<meta name=\"twitter:label2\" content=\"Dur\u00e9e de lecture estim\u00e9e\" \/>\n\t<meta name=\"twitter:data2\" content=\"1 minute\" \/>\n<script type=\"application\/ld+json\" class=\"yoast-schema-graph\">{\"@context\":\"https:\\\/\\\/schema.org\",\"@graph\":[{\"@type\":\"Article\",\"@id\":\"https:\\\/\\\/le-6-espace-rencontre-et-initiatives.fr\\\/index.php\\\/2025\\\/10\\\/17\\\/visite-decouverte-de-loeuvre-chemin-de-vie\\\/#article\",\"isPartOf\":{\"@id\":\"https:\\\/\\\/le-6-espace-rencontre-et-initiatives.fr\\\/index.php\\\/2025\\\/10\\\/17\\\/visite-decouverte-de-loeuvre-chemin-de-vie\\\/\"},\"author\":{\"name\":\"collectifs\",\"@id\":\"https:\\\/\\\/le-6-espace-rencontre-et-initiatives.fr\\\/#\\\/schema\\\/person\\\/dbc291cd7e031ad95bd8a4fe7e73416e\"},\"headline\":\"Visite d\u00e9couverte de l\u2019\u0153uvre \u00ab\u00a0Chemin de vie\u00a0\u00bb\",\"datePublished\":\"2025-10-17T16:58:24+00:00\",\"dateModified\":\"2025-10-19T15:35:39+00:00\",\"mainEntityOfPage\":{\"@id\":\"https:\\\/\\\/le-6-espace-rencontre-et-initiatives.fr\\\/index.php\\\/2025\\\/10\\\/17\\\/visite-decouverte-de-loeuvre-chemin-de-vie\\\/\"},\"wordCount\":129,\"publisher\":{\"@id\":\"https:\\\/\\\/le-6-espace-rencontre-et-initiatives.fr\\\/#organization\"},\"image\":{\"@id\":\"https:\\\/\\\/le-6-espace-rencontre-et-initiatives.fr\\\/index.php\\\/2025\\\/10\\\/17\\\/visite-decouverte-de-loeuvre-chemin-de-vie\\\/#primaryimage\"},\"thumbnailUrl\":\"https:\\\/\\\/le-6-espace-rencontre-et-initiatives.fr\\\/wp-content\\\/uploads\\\/2024\\\/03\\\/Photo-oeuvre-Chemin-de-vie.png\",\"articleSection\":[\"L'oeuvre d'art \\\"Chemin de vie\\\"\"],\"inLanguage\":\"fr-FR\"},{\"@type\":\"WebPage\",\"@id\":\"https:\\\/\\\/le-6-espace-rencontre-et-initiatives.fr\\\/index.php\\\/2025\\\/10\\\/17\\\/visite-decouverte-de-loeuvre-chemin-de-vie\\\/\",\"url\":\"https:\\\/\\\/le-6-espace-rencontre-et-initiatives.fr\\\/index.php\\\/2025\\\/10\\\/17\\\/visite-decouverte-de-loeuvre-chemin-de-vie\\\/\",\"name\":\"Visite d\u00e9couverte de l\u2019\u0153uvre \\\"Chemin de vie\\\" - Le 6 Espace Rencontre et Initiatives\",\"isPartOf\":{\"@id\":\"https:\\\/\\\/le-6-espace-rencontre-et-initiatives.fr\\\/#website\"},\"primaryImageOfPage\":{\"@id\":\"https:\\\/\\\/le-6-espace-rencontre-et-initiatives.fr\\\/index.php\\\/2025\\\/10\\\/17\\\/visite-decouverte-de-loeuvre-chemin-de-vie\\\/#primaryimage\"},\"image\":{\"@id\":\"https:\\\/\\\/le-6-espace-rencontre-et-initiatives.fr\\\/index.php\\\/2025\\\/10\\\/17\\\/visite-decouverte-de-loeuvre-chemin-de-vie\\\/#primaryimage\"},\"thumbnailUrl\":\"https:\\\/\\\/le-6-espace-rencontre-et-initiatives.fr\\\/wp-content\\\/uploads\\\/2024\\\/03\\\/Photo-oeuvre-Chemin-de-vie.png\",\"datePublished\":\"2025-10-17T16:58:24+00:00\",\"dateModified\":\"2025-10-19T15:35:39+00:00\",\"breadcrumb\":{\"@id\":\"https:\\\/\\\/le-6-espace-rencontre-et-initiatives.fr\\\/index.php\\\/2025\\\/10\\\/17\\\/visite-decouverte-de-loeuvre-chemin-de-vie\\\/#breadcrumb\"},\"inLanguage\":\"fr-FR\",\"potentialAction\":[{\"@type\":\"ReadAction\",\"target\":[\"https:\\\/\\\/le-6-espace-rencontre-et-initiatives.fr\\\/index.php\\\/2025\\\/10\\\/17\\\/visite-decouverte-de-loeuvre-chemin-de-vie\\\/\"]}]},{\"@type\":\"ImageObject\",\"inLanguage\":\"fr-FR\",\"@id\":\"https:\\\/\\\/le-6-espace-rencontre-et-initiatives.fr\\\/index.php\\\/2025\\\/10\\\/17\\\/visite-decouverte-de-loeuvre-chemin-de-vie\\\/#primaryimage\",\"url\":\"https:\\\/\\\/le-6-espace-rencontre-et-initiatives.fr\\\/wp-content\\\/uploads\\\/2024\\\/03\\\/Photo-oeuvre-Chemin-de-vie.png\",\"contentUrl\":\"https:\\\/\\\/le-6-espace-rencontre-et-initiatives.fr\\\/wp-content\\\/uploads\\\/2024\\\/03\\\/Photo-oeuvre-Chemin-de-vie.png\",\"width\":697,\"height\":451},{\"@type\":\"BreadcrumbList\",\"@id\":\"https:\\\/\\\/le-6-espace-rencontre-et-initiatives.fr\\\/index.php\\\/2025\\\/10\\\/17\\\/visite-decouverte-de-loeuvre-chemin-de-vie\\\/#breadcrumb\",\"itemListElement\":[{\"@type\":\"ListItem\",\"position\":1,\"name\":\"Accueil\",\"item\":\"https:\\\/\\\/le-6-espace-rencontre-et-initiatives.fr\\\/\"},{\"@type\":\"ListItem\",\"position\":2,\"name\":\"Visite d\u00e9couverte de l\u2019\u0153uvre \u00ab\u00a0Chemin de vie\u00a0\u00bb\"}]},{\"@type\":\"WebSite\",\"@id\":\"https:\\\/\\\/le-6-espace-rencontre-et-initiatives.fr\\\/#website\",\"url\":\"https:\\\/\\\/le-6-espace-rencontre-et-initiatives.fr\\\/\",\"name\":\"Le 6 Espace Rencontre et Initiatives\",\"description\":\"Ce site pr\u00e9sente une vue d&#039;ensemble de l&#039;histoire et des actions du &quot;6&quot; \u00e0 Rennes\",\"publisher\":{\"@id\":\"https:\\\/\\\/le-6-espace-rencontre-et-initiatives.fr\\\/#organization\"},\"potentialAction\":[{\"@type\":\"SearchAction\",\"target\":{\"@type\":\"EntryPoint\",\"urlTemplate\":\"https:\\\/\\\/le-6-espace-rencontre-et-initiatives.fr\\\/?s={search_term_string}\"},\"query-input\":{\"@type\":\"PropertyValueSpecification\",\"valueRequired\":true,\"valueName\":\"search_term_string\"}}],\"inLanguage\":\"fr-FR\"},{\"@type\":\"Organization\",\"@id\":\"https:\\\/\\\/le-6-espace-rencontre-et-initiatives.fr\\\/#organization\",\"name\":\"Les collectifs du 6\",\"url\":\"https:\\\/\\\/le-6-espace-rencontre-et-initiatives.fr\\\/\",\"logo\":{\"@type\":\"ImageObject\",\"inLanguage\":\"fr-FR\",\"@id\":\"https:\\\/\\\/le-6-espace-rencontre-et-initiatives.fr\\\/#\\\/schema\\\/logo\\\/image\\\/\",\"url\":\"https:\\\/\\\/le-6-espace-rencontre-et-initiatives.fr\\\/wp-content\\\/uploads\\\/2021\\\/01\\\/Logo-Collectifs-du-6.png\",\"contentUrl\":\"https:\\\/\\\/le-6-espace-rencontre-et-initiatives.fr\\\/wp-content\\\/uploads\\\/2021\\\/01\\\/Logo-Collectifs-du-6.png\",\"width\":336,\"height\":342,\"caption\":\"Les collectifs du 6\"},\"image\":{\"@id\":\"https:\\\/\\\/le-6-espace-rencontre-et-initiatives.fr\\\/#\\\/schema\\\/logo\\\/image\\\/\"},\"sameAs\":[\"https:\\\/\\\/www.facebook.com\\\/espacerencontrele6rennes\"]},{\"@type\":\"Person\",\"@id\":\"https:\\\/\\\/le-6-espace-rencontre-et-initiatives.fr\\\/#\\\/schema\\\/person\\\/dbc291cd7e031ad95bd8a4fe7e73416e\",\"name\":\"collectifs\",\"image\":{\"@type\":\"ImageObject\",\"inLanguage\":\"fr-FR\",\"@id\":\"https:\\\/\\\/secure.gravatar.com\\\/avatar\\\/bd8ce97ffcdc8b874936274cc23aa49553482c5ebf939d440b3d0da214d87348?s=96&d=mm&r=g\",\"url\":\"https:\\\/\\\/secure.gravatar.com\\\/avatar\\\/bd8ce97ffcdc8b874936274cc23aa49553482c5ebf939d440b3d0da214d87348?s=96&d=mm&r=g\",\"contentUrl\":\"https:\\\/\\\/secure.gravatar.com\\\/avatar\\\/bd8ce97ffcdc8b874936274cc23aa49553482c5ebf939d440b3d0da214d87348?s=96&d=mm&r=g\",\"caption\":\"collectifs\"},\"sameAs\":[\"http:\\\/\\\/le-6-espace-rencontre-et-initiatives.fr\"]}]}<\/script>\n<!-- \/ Yoast SEO plugin. -->","yoast_head_json":{"title":"Visite d\u00e9couverte de l\u2019\u0153uvre \"Chemin de vie\" - Le 6 Espace Rencontre et Initiatives","robots":{"index":"index","follow":"follow","max-snippet":"max-snippet:-1","max-image-preview":"max-image-preview:large","max-video-preview":"max-video-preview:-1"},"canonical":"https:\/\/le-6-espace-rencontre-et-initiatives.fr\/index.php\/2025\/10\/17\/visite-decouverte-de-loeuvre-chemin-de-vie\/","og_locale":"fr_FR","og_type":"article","og_title":"Visite d\u00e9couverte de l\u2019\u0153uvre \"Chemin de vie\" - Le 6 Espace Rencontre et Initiatives","og_description":"Samedi 11 octobre, une quarantaine de personnes venant de Saint Nazaire, Vannes, Rennes ont profit\u00e9 d&rsquo;une rencontre r\u00e9gionale \u00e0 Rennes,","og_url":"https:\/\/le-6-espace-rencontre-et-initiatives.fr\/index.php\/2025\/10\/17\/visite-decouverte-de-loeuvre-chemin-de-vie\/","og_site_name":"Le 6 Espace Rencontre et Initiatives","article_publisher":"https:\/\/www.facebook.com\/espacerencontrele6rennes","article_published_time":"2025-10-17T16:58:24+00:00","article_modified_time":"2025-10-19T15:35:39+00:00","og_image":[{"width":697,"height":451,"url":"https:\/\/le-6-espace-rencontre-et-initiatives.fr\/wp-content\/uploads\/2024\/03\/Photo-oeuvre-Chemin-de-vie.png","type":"image\/png"}],"author":"collectifs","twitter_card":"summary_large_image","twitter_misc":{"\u00c9crit par":"collectifs","Dur\u00e9e de lecture estim\u00e9e":"1 minute"},"schema":{"@context":"https:\/\/schema.org","@graph":[{"@type":"Article","@id":"https:\/\/le-6-espace-rencontre-et-initiatives.fr\/index.php\/2025\/10\/17\/visite-decouverte-de-loeuvre-chemin-de-vie\/#article","isPartOf":{"@id":"https:\/\/le-6-espace-rencontre-et-initiatives.fr\/index.php\/2025\/10\/17\/visite-decouverte-de-loeuvre-chemin-de-vie\/"},"author":{"name":"collectifs","@id":"https:\/\/le-6-espace-rencontre-et-initiatives.fr\/#\/schema\/person\/dbc291cd7e031ad95bd8a4fe7e73416e"},"headline":"Visite d\u00e9couverte de l\u2019\u0153uvre \u00ab\u00a0Chemin de vie\u00a0\u00bb","datePublished":"2025-10-17T16:58:24+00:00","dateModified":"2025-10-19T15:35:39+00:00","mainEntityOfPage":{"@id":"https:\/\/le-6-espace-rencontre-et-initiatives.fr\/index.php\/2025\/10\/17\/visite-decouverte-de-loeuvre-chemin-de-vie\/"},"wordCount":129,"publisher":{"@id":"https:\/\/le-6-espace-rencontre-et-initiatives.fr\/#organization"},"image":{"@id":"https:\/\/le-6-espace-rencontre-et-initiatives.fr\/index.php\/2025\/10\/17\/visite-decouverte-de-loeuvre-chemin-de-vie\/#primaryimage"},"thumbnailUrl":"https:\/\/le-6-espace-rencontre-et-initiatives.fr\/wp-content\/uploads\/2024\/03\/Photo-oeuvre-Chemin-de-vie.png","articleSection":["L'oeuvre d'art \"Chemin de vie\""],"inLanguage":"fr-FR"},{"@type":"WebPage","@id":"https:\/\/le-6-espace-rencontre-et-initiatives.fr\/index.php\/2025\/10\/17\/visite-decouverte-de-loeuvre-chemin-de-vie\/","url":"https:\/\/le-6-espace-rencontre-et-initiatives.fr\/index.php\/2025\/10\/17\/visite-decouverte-de-loeuvre-chemin-de-vie\/","name":"Visite d\u00e9couverte de l\u2019\u0153uvre \"Chemin de vie\" - Le 6 Espace Rencontre et Initiatives","isPartOf":{"@id":"https:\/\/le-6-espace-rencontre-et-initiatives.fr\/#website"},"primaryImageOfPage":{"@id":"https:\/\/le-6-espace-rencontre-et-initiatives.fr\/index.php\/2025\/10\/17\/visite-decouverte-de-loeuvre-chemin-de-vie\/#primaryimage"},"image":{"@id":"https:\/\/le-6-espace-rencontre-et-initiatives.fr\/index.php\/2025\/10\/17\/visite-decouverte-de-loeuvre-chemin-de-vie\/#primaryimage"},"thumbnailUrl":"https:\/\/le-6-espace-rencontre-et-initiatives.fr\/wp-content\/uploads\/2024\/03\/Photo-oeuvre-Chemin-de-vie.png","datePublished":"2025-10-17T16:58:24+00:00","dateModified":"2025-10-19T15:35:39+00:00","breadcrumb":{"@id":"https:\/\/le-6-espace-rencontre-et-initiatives.fr\/index.php\/2025\/10\/17\/visite-decouverte-de-loeuvre-chemin-de-vie\/#breadcrumb"},"inLanguage":"fr-FR","potentialAction":[{"@type":"ReadAction","target":["https:\/\/le-6-espace-rencontre-et-initiatives.fr\/index.php\/2025\/10\/17\/visite-decouverte-de-loeuvre-chemin-de-vie\/"]}]},{"@type":"ImageObject","inLanguage":"fr-FR","@id":"https:\/\/le-6-espace-rencontre-et-initiatives.fr\/index.php\/2025\/10\/17\/visite-decouverte-de-loeuvre-chemin-de-vie\/#primaryimage","url":"https:\/\/le-6-espace-rencontre-et-initiatives.fr\/wp-content\/uploads\/2024\/03\/Photo-oeuvre-Chemin-de-vie.png","contentUrl":"https:\/\/le-6-espace-rencontre-et-initiatives.fr\/wp-content\/uploads\/2024\/03\/Photo-oeuvre-Chemin-de-vie.png","width":697,"height":451},{"@type":"BreadcrumbList","@id":"https:\/\/le-6-espace-rencontre-et-initiatives.fr\/index.php\/2025\/10\/17\/visite-decouverte-de-loeuvre-chemin-de-vie\/#breadcrumb","itemListElement":[{"@type":"ListItem","position":1,"name":"Accueil","item":"https:\/\/le-6-espace-rencontre-et-initiatives.fr\/"},{"@type":"ListItem","position":2,"name":"Visite d\u00e9couverte de l\u2019\u0153uvre \u00ab\u00a0Chemin de vie\u00a0\u00bb"}]},{"@type":"WebSite","@id":"https:\/\/le-6-espace-rencontre-et-initiatives.fr\/#website","url":"https:\/\/le-6-espace-rencontre-et-initiatives.fr\/","name":"Le 6 Espace Rencontre et Initiatives","description":"Ce site pr\u00e9sente une vue d&#039;ensemble de l&#039;histoire et des actions du &quot;6&quot; \u00e0 Rennes","publisher":{"@id":"https:\/\/le-6-espace-rencontre-et-initiatives.fr\/#organization"},"potentialAction":[{"@type":"SearchAction","target":{"@type":"EntryPoint","urlTemplate":"https:\/\/le-6-espace-rencontre-et-initiatives.fr\/?s={search_term_string}"},"query-input":{"@type":"PropertyValueSpecification","valueRequired":true,"valueName":"search_term_string"}}],"inLanguage":"fr-FR"},{"@type":"Organization","@id":"https:\/\/le-6-espace-rencontre-et-initiatives.fr\/#organization","name":"Les collectifs du 6","url":"https:\/\/le-6-espace-rencontre-et-initiatives.fr\/","logo":{"@type":"ImageObject","inLanguage":"fr-FR","@id":"https:\/\/le-6-espace-rencontre-et-initiatives.fr\/#\/schema\/logo\/image\/","url":"https:\/\/le-6-espace-rencontre-et-initiatives.fr\/wp-content\/uploads\/2021\/01\/Logo-Collectifs-du-6.png","contentUrl":"https:\/\/le-6-espace-rencontre-et-initiatives.fr\/wp-content\/uploads\/2021\/01\/Logo-Collectifs-du-6.png","width":336,"height":342,"caption":"Les collectifs du 6"},"image":{"@id":"https:\/\/le-6-espace-rencontre-et-initiatives.fr\/#\/schema\/logo\/image\/"},"sameAs":["https:\/\/www.facebook.com\/espacerencontrele6rennes"]},{"@type":"Person","@id":"https:\/\/le-6-espace-rencontre-et-initiatives.fr\/#\/schema\/person\/dbc291cd7e031ad95bd8a4fe7e73416e","name":"collectifs","image":{"@type":"ImageObject","inLanguage":"fr-FR","@id":"https:\/\/secure.gravatar.com\/avatar\/bd8ce97ffcdc8b874936274cc23aa49553482c5ebf939d440b3d0da214d87348?s=96&d=mm&r=g","url":"https:\/\/secure.gravatar.com\/avatar\/bd8ce97ffcdc8b874936274cc23aa49553482c5ebf939d440b3d0da214d87348?s=96&d=mm&r=g","contentUrl":"https:\/\/secure.gravatar.com\/avatar\/bd8ce97ffcdc8b874936274cc23aa49553482c5ebf939d440b3d0da214d87348?s=96&d=mm&r=g","caption":"collectifs"},"sameAs":["http:\/\/le-6-espace-rencontre-et-initiatives.fr"]}]}},"_links":{"self":[{"href":"https:\/\/le-6-espace-rencontre-et-initiatives.fr\/index.php\/wp-json\/wp\/v2\/posts\/13222","targetHints":{"allow":["GET"]}}],"collection":[{"href":"https:\/\/le-6-espace-rencontre-et-initiatives.fr\/index.php\/wp-json\/wp\/v2\/posts"}],"about":[{"href":"https:\/\/le-6-espace-rencontre-et-initiatives.fr\/index.php\/wp-json\/wp\/v2\/types\/post"}],"author":[{"embeddable":true,"href":"https:\/\/le-6-espace-rencontre-et-initiatives.fr\/index.php\/wp-json\/wp\/v2\/users\/1"}],"replies":[{"embeddable":true,"href":"https:\/\/le-6-espace-rencontre-et-initiatives.fr\/index.php\/wp-json\/wp\/v2\/comments?post=13222"}],"version-history":[{"count":2,"href":"https:\/\/le-6-espace-rencontre-et-initiatives.fr\/index.php\/wp-json\/wp\/v2\/posts\/13222\/revisions"}],"predecessor-version":[{"id":13224,"href":"https:\/\/le-6-espace-rencontre-et-initiatives.fr\/index.php\/wp-json\/wp\/v2\/posts\/13222\/revisions\/13224"}],"wp:featuredmedia":[{"embeddable":true,"href":"https:\/\/le-6-espace-rencontre-et-initiatives.fr\/index.php\/wp-json\/wp\/v2\/media\/13083"}],"wp:attachment":[{"href":"https:\/\/le-6-espace-rencontre-et-initiatives.fr\/index.php\/wp-json\/wp\/v2\/media?parent=13222"}],"wp:term":[{"taxonomy":"category","embeddable":true,"href":"https:\/\/le-6-espace-rencontre-et-initiatives.fr\/index.php\/wp-json\/wp\/v2\/categories?post=13222"},{"taxonomy":"post_tag","embeddable":true,"href":"https:\/\/le-6-espace-rencontre-et-initiatives.fr\/index.php\/wp-json\/wp\/v2\/tags?post=13222"}],"curies":[{"name":"wp","href":"https:\/\/api.w.org\/{rel}","templated":true}]}}