{"id":13150,"date":"2024-11-29T19:03:53","date_gmt":"2024-11-29T18:03:53","guid":{"rendered":"https:\/\/le-6-espace-rencontre-et-initiatives.fr\/?p=13150"},"modified":"2024-11-30T10:25:19","modified_gmt":"2024-11-30T09:25:19","slug":"une-fleur-pour-la-dignite-4","status":"publish","type":"post","link":"https:\/\/le-6-espace-rencontre-et-initiatives.fr\/index.php\/2024\/11\/29\/une-fleur-pour-la-dignite-4\/","title":{"rendered":"Une fleur pour la dignit\u00e9"},"content":{"rendered":"\n<p>Le 31 octobre 2024, le collectif Dignit\u00e9 Cimeti\u00e8re a organis\u00e9 l&rsquo;hommage annuel \u00ab\u00a0Une fleur pour la dignit\u00e9\u00a0\u00bb au Cimeti\u00e8re de l&rsquo;Est \u00e0 Rennes.<\/p>\n\n\n\n<figure class=\"wp-block-gallery has-nested-images columns-default is-cropped wp-block-gallery-1 is-layout-flex wp-block-gallery-is-layout-flex\">\n<figure class=\"wp-block-image size-large\"><img loading=\"lazy\" decoding=\"async\" width=\"1024\" height=\"654\" data-id=\"13151\" src=\"https:\/\/le-6-espace-rencontre-et-initiatives.fr\/wp-content\/uploads\/2024\/11\/Une-fleur-pour-la-dignite-spirale-de-la-vie-2-1024x654.jpg\" alt=\"\" class=\"wp-image-13151\" srcset=\"https:\/\/le-6-espace-rencontre-et-initiatives.fr\/wp-content\/uploads\/2024\/11\/Une-fleur-pour-la-dignite-spirale-de-la-vie-2-1024x654.jpg 1024w, https:\/\/le-6-espace-rencontre-et-initiatives.fr\/wp-content\/uploads\/2024\/11\/Une-fleur-pour-la-dignite-spirale-de-la-vie-2-300x191.jpg 300w, https:\/\/le-6-espace-rencontre-et-initiatives.fr\/wp-content\/uploads\/2024\/11\/Une-fleur-pour-la-dignite-spirale-de-la-vie-2-768x490.jpg 768w, https:\/\/le-6-espace-rencontre-et-initiatives.fr\/wp-content\/uploads\/2024\/11\/Une-fleur-pour-la-dignite-spirale-de-la-vie-2-1536x980.jpg 1536w, https:\/\/le-6-espace-rencontre-et-initiatives.fr\/wp-content\/uploads\/2024\/11\/Une-fleur-pour-la-dignite-spirale-de-la-vie-2.jpg 1874w\" sizes=\"auto, (max-width: 1024px) 100vw, 1024px\" \/><\/figure>\n<\/figure>\n\n\n\n<p class=\"has-text-align-center\">\u00c9vocation de la spirale de la vie avec les 270 compositions florales<br>r\u00e9alis\u00e9es par l&rsquo;atelier floral du collectif Dignit\u00e9 Cimeti\u00e8re \u00e0 l&rsquo;entr\u00e9e du Cimeti\u00e8re de l&rsquo;Est.<br>Ces coupelles ont ensuite \u00e9t\u00e9 distribu\u00e9es aux 200 personnes participantes.<\/p>\n\n\n<div class=\"wp-block-image\">\n<figure class=\"aligncenter size-large is-resized\"><img loading=\"lazy\" decoding=\"async\" width=\"1024\" height=\"596\" src=\"https:\/\/le-6-espace-rencontre-et-initiatives.fr\/wp-content\/uploads\/2024\/11\/Une-fleur-pour-la-dignite-spirale-de-la-vie-1-1024x596.jpg\" alt=\"\" class=\"wp-image-13152\" style=\"width:764px;height:auto\" srcset=\"https:\/\/le-6-espace-rencontre-et-initiatives.fr\/wp-content\/uploads\/2024\/11\/Une-fleur-pour-la-dignite-spirale-de-la-vie-1-1024x596.jpg 1024w, https:\/\/le-6-espace-rencontre-et-initiatives.fr\/wp-content\/uploads\/2024\/11\/Une-fleur-pour-la-dignite-spirale-de-la-vie-1-300x175.jpg 300w, https:\/\/le-6-espace-rencontre-et-initiatives.fr\/wp-content\/uploads\/2024\/11\/Une-fleur-pour-la-dignite-spirale-de-la-vie-1-768x447.jpg 768w, https:\/\/le-6-espace-rencontre-et-initiatives.fr\/wp-content\/uploads\/2024\/11\/Une-fleur-pour-la-dignite-spirale-de-la-vie-1-1536x894.jpg 1536w, https:\/\/le-6-espace-rencontre-et-initiatives.fr\/wp-content\/uploads\/2024\/11\/Une-fleur-pour-la-dignite-spirale-de-la-vie-1.jpg 1831w\" sizes=\"auto, (max-width: 1024px) 100vw, 1024px\" \/><\/figure>\n<\/div>\n\n\n<p>Voici une nouvelle \u00e9vocation de la spirale de la vie, pr\u00e8s des tombes individuelles, apr\u00e8s la lecture de t\u00e9moignages et la d\u00e9clamation des pr\u00e9noms des personnes d\u00e9c\u00e9d\u00e9es depuis un an dans la pr\u00e9carit\u00e9.<br>Chacun \u00e9tait invit\u00e9 ensuite \u00e0 d\u00e9poser une composition sur une tombe.<\/p>\n\n\n<div class=\"wp-block-image\">\n<figure class=\"aligncenter size-large is-resized\"><img loading=\"lazy\" decoding=\"async\" width=\"1024\" height=\"877\" src=\"https:\/\/le-6-espace-rencontre-et-initiatives.fr\/wp-content\/uploads\/2024\/11\/Une-fleur-pour-la-dignite-fleur-de-vie-1024x877.jpg\" alt=\"\" class=\"wp-image-13159\" style=\"width:729px;height:auto\" srcset=\"https:\/\/le-6-espace-rencontre-et-initiatives.fr\/wp-content\/uploads\/2024\/11\/Une-fleur-pour-la-dignite-fleur-de-vie-1024x877.jpg 1024w, https:\/\/le-6-espace-rencontre-et-initiatives.fr\/wp-content\/uploads\/2024\/11\/Une-fleur-pour-la-dignite-fleur-de-vie-300x257.jpg 300w, https:\/\/le-6-espace-rencontre-et-initiatives.fr\/wp-content\/uploads\/2024\/11\/Une-fleur-pour-la-dignite-fleur-de-vie-768x658.jpg 768w, https:\/\/le-6-espace-rencontre-et-initiatives.fr\/wp-content\/uploads\/2024\/11\/Une-fleur-pour-la-dignite-fleur-de-vie.jpg 1496w\" sizes=\"auto, (max-width: 1024px) 100vw, 1024px\" \/><\/figure>\n<\/div>\n\n\n<p>Sur la dalle de schiste en damier de la s\u00e9pulture commune, la spirale de la vie a \u00e9t\u00e9 sugg\u00e9r\u00e9e par 5 coupelles d\u00e9pos\u00e9es en arrondi \u00e0 chaque angle.<\/p>\n\n\n\n<p>Cette derni\u00e8re partie de l&rsquo;hommage a \u00e9t\u00e9 ponctu\u00e9e de trois morceaux de musique instrumentale, avec des t\u00e9moignages et la lecture d&rsquo;un po\u00e8me intitul\u00e9 \u00ab\u00a0<em>La spirale de la vie<\/em>\u00ab\u00a0, r\u00e9alis\u00e9 par l&rsquo;atelier \u00ab\u00a0symbole\u00a0\u00bb du collectif.<\/p>\n","protected":false},"excerpt":{"rendered":"<p>Le 31 octobre 2024, le collectif Dignit\u00e9 Cimeti\u00e8re a organis\u00e9 l&rsquo;hommage annuel \u00ab\u00a0Une fleur pour la dignit\u00e9\u00a0\u00bb au Cimeti\u00e8re de<\/p>\n","protected":false},"author":1,"featured_media":13152,"comment_status":"closed","ping_status":"open","sticky":false,"template":"","format":"standard","meta":{"_monsterinsights_skip_tracking":false,"_monsterinsights_sitenote_active":false,"_monsterinsights_sitenote_note":"","_monsterinsights_sitenote_category":0,"ngg_post_thumbnail":0,"footnotes":""},"categories":[3],"tags":[],"class_list":["post-13150","post","type-post","status-publish","format-standard","has-post-thumbnail","hentry","category-collectifs-dignite-cimetiere","comments-off"],"yoast_head":"<!-- This site is optimized with the Yoast SEO plugin v27.5 - https:\/\/yoast.com\/product\/yoast-seo-wordpress\/ -->\n<title>Une fleur pour la dignit\u00e9 - Le 6 Espace Rencontre et Initiatives<\/title>\n<meta name=\"robots\" content=\"index, follow, max-snippet:-1, max-image-preview:large, max-video-preview:-1\" \/>\n<link rel=\"canonical\" href=\"https:\/\/le-6-espace-rencontre-et-initiatives.fr\/index.php\/2024\/11\/29\/une-fleur-pour-la-dignite-4\/\" \/>\n<meta property=\"og:locale\" content=\"fr_FR\" \/>\n<meta property=\"og:type\" content=\"article\" \/>\n<meta property=\"og:title\" content=\"Une fleur pour la dignit\u00e9 - Le 6 Espace Rencontre et Initiatives\" \/>\n<meta property=\"og:description\" content=\"Le 31 octobre 2024, le collectif Dignit\u00e9 Cimeti\u00e8re a organis\u00e9 l&rsquo;hommage annuel \u00ab\u00a0Une fleur pour la dignit\u00e9\u00a0\u00bb au Cimeti\u00e8re de\" \/>\n<meta property=\"og:url\" content=\"https:\/\/le-6-espace-rencontre-et-initiatives.fr\/index.php\/2024\/11\/29\/une-fleur-pour-la-dignite-4\/\" \/>\n<meta property=\"og:site_name\" content=\"Le 6 Espace Rencontre et Initiatives\" \/>\n<meta property=\"article:publisher\" content=\"https:\/\/www.facebook.com\/espacerencontrele6rennes\" \/>\n<meta property=\"article:published_time\" content=\"2024-11-29T18:03:53+00:00\" \/>\n<meta property=\"article:modified_time\" content=\"2024-11-30T09:25:19+00:00\" \/>\n<meta property=\"og:image\" content=\"https:\/\/le-6-espace-rencontre-et-initiatives.fr\/wp-content\/uploads\/2024\/11\/Une-fleur-pour-la-dignite-spirale-de-la-vie-1.jpg\" \/>\n\t<meta property=\"og:image:width\" content=\"1831\" \/>\n\t<meta property=\"og:image:height\" content=\"1066\" \/>\n\t<meta property=\"og:image:type\" content=\"image\/jpeg\" \/>\n<meta name=\"author\" content=\"collectifs\" \/>\n<meta name=\"twitter:card\" content=\"summary_large_image\" \/>\n<meta name=\"twitter:label1\" content=\"\u00c9crit par\" \/>\n\t<meta name=\"twitter:data1\" content=\"collectifs\" \/>\n\t<meta name=\"twitter:label2\" content=\"Dur\u00e9e de lecture estim\u00e9e\" \/>\n\t<meta name=\"twitter:data2\" content=\"2 minutes\" \/>\n<script type=\"application\/ld+json\" class=\"yoast-schema-graph\">{\"@context\":\"https:\\\/\\\/schema.org\",\"@graph\":[{\"@type\":\"Article\",\"@id\":\"https:\\\/\\\/le-6-espace-rencontre-et-initiatives.fr\\\/index.php\\\/2024\\\/11\\\/29\\\/une-fleur-pour-la-dignite-4\\\/#article\",\"isPartOf\":{\"@id\":\"https:\\\/\\\/le-6-espace-rencontre-et-initiatives.fr\\\/index.php\\\/2024\\\/11\\\/29\\\/une-fleur-pour-la-dignite-4\\\/\"},\"author\":{\"name\":\"collectifs\",\"@id\":\"https:\\\/\\\/le-6-espace-rencontre-et-initiatives.fr\\\/#\\\/schema\\\/person\\\/dbc291cd7e031ad95bd8a4fe7e73416e\"},\"headline\":\"Une fleur pour la dignit\u00e9\",\"datePublished\":\"2024-11-29T18:03:53+00:00\",\"dateModified\":\"2024-11-30T09:25:19+00:00\",\"mainEntityOfPage\":{\"@id\":\"https:\\\/\\\/le-6-espace-rencontre-et-initiatives.fr\\\/index.php\\\/2024\\\/11\\\/29\\\/une-fleur-pour-la-dignite-4\\\/\"},\"wordCount\":196,\"publisher\":{\"@id\":\"https:\\\/\\\/le-6-espace-rencontre-et-initiatives.fr\\\/#organization\"},\"image\":{\"@id\":\"https:\\\/\\\/le-6-espace-rencontre-et-initiatives.fr\\\/index.php\\\/2024\\\/11\\\/29\\\/une-fleur-pour-la-dignite-4\\\/#primaryimage\"},\"thumbnailUrl\":\"https:\\\/\\\/le-6-espace-rencontre-et-initiatives.fr\\\/wp-content\\\/uploads\\\/2024\\\/11\\\/Une-fleur-pour-la-dignite-spirale-de-la-vie-1.jpg\",\"articleSection\":[\"Collectifs Dignit\u00e9 Cimeti\u00e8re\"],\"inLanguage\":\"fr-FR\"},{\"@type\":\"WebPage\",\"@id\":\"https:\\\/\\\/le-6-espace-rencontre-et-initiatives.fr\\\/index.php\\\/2024\\\/11\\\/29\\\/une-fleur-pour-la-dignite-4\\\/\",\"url\":\"https:\\\/\\\/le-6-espace-rencontre-et-initiatives.fr\\\/index.php\\\/2024\\\/11\\\/29\\\/une-fleur-pour-la-dignite-4\\\/\",\"name\":\"Une fleur pour la dignit\u00e9 - Le 6 Espace Rencontre et Initiatives\",\"isPartOf\":{\"@id\":\"https:\\\/\\\/le-6-espace-rencontre-et-initiatives.fr\\\/#website\"},\"primaryImageOfPage\":{\"@id\":\"https:\\\/\\\/le-6-espace-rencontre-et-initiatives.fr\\\/index.php\\\/2024\\\/11\\\/29\\\/une-fleur-pour-la-dignite-4\\\/#primaryimage\"},\"image\":{\"@id\":\"https:\\\/\\\/le-6-espace-rencontre-et-initiatives.fr\\\/index.php\\\/2024\\\/11\\\/29\\\/une-fleur-pour-la-dignite-4\\\/#primaryimage\"},\"thumbnailUrl\":\"https:\\\/\\\/le-6-espace-rencontre-et-initiatives.fr\\\/wp-content\\\/uploads\\\/2024\\\/11\\\/Une-fleur-pour-la-dignite-spirale-de-la-vie-1.jpg\",\"datePublished\":\"2024-11-29T18:03:53+00:00\",\"dateModified\":\"2024-11-30T09:25:19+00:00\",\"breadcrumb\":{\"@id\":\"https:\\\/\\\/le-6-espace-rencontre-et-initiatives.fr\\\/index.php\\\/2024\\\/11\\\/29\\\/une-fleur-pour-la-dignite-4\\\/#breadcrumb\"},\"inLanguage\":\"fr-FR\",\"potentialAction\":[{\"@type\":\"ReadAction\",\"target\":[\"https:\\\/\\\/le-6-espace-rencontre-et-initiatives.fr\\\/index.php\\\/2024\\\/11\\\/29\\\/une-fleur-pour-la-dignite-4\\\/\"]}]},{\"@type\":\"ImageObject\",\"inLanguage\":\"fr-FR\",\"@id\":\"https:\\\/\\\/le-6-espace-rencontre-et-initiatives.fr\\\/index.php\\\/2024\\\/11\\\/29\\\/une-fleur-pour-la-dignite-4\\\/#primaryimage\",\"url\":\"https:\\\/\\\/le-6-espace-rencontre-et-initiatives.fr\\\/wp-content\\\/uploads\\\/2024\\\/11\\\/Une-fleur-pour-la-dignite-spirale-de-la-vie-1.jpg\",\"contentUrl\":\"https:\\\/\\\/le-6-espace-rencontre-et-initiatives.fr\\\/wp-content\\\/uploads\\\/2024\\\/11\\\/Une-fleur-pour-la-dignite-spirale-de-la-vie-1.jpg\",\"width\":1831,\"height\":1066},{\"@type\":\"BreadcrumbList\",\"@id\":\"https:\\\/\\\/le-6-espace-rencontre-et-initiatives.fr\\\/index.php\\\/2024\\\/11\\\/29\\\/une-fleur-pour-la-dignite-4\\\/#breadcrumb\",\"itemListElement\":[{\"@type\":\"ListItem\",\"position\":1,\"name\":\"Accueil\",\"item\":\"https:\\\/\\\/le-6-espace-rencontre-et-initiatives.fr\\\/\"},{\"@type\":\"ListItem\",\"position\":2,\"name\":\"Une fleur pour la dignit\u00e9\"}]},{\"@type\":\"WebSite\",\"@id\":\"https:\\\/\\\/le-6-espace-rencontre-et-initiatives.fr\\\/#website\",\"url\":\"https:\\\/\\\/le-6-espace-rencontre-et-initiatives.fr\\\/\",\"name\":\"Le 6 Espace Rencontre et Initiatives\",\"description\":\"Ce site pr\u00e9sente une vue d&#039;ensemble de l&#039;histoire et des actions du &quot;6&quot; \u00e0 Rennes\",\"publisher\":{\"@id\":\"https:\\\/\\\/le-6-espace-rencontre-et-initiatives.fr\\\/#organization\"},\"potentialAction\":[{\"@type\":\"SearchAction\",\"target\":{\"@type\":\"EntryPoint\",\"urlTemplate\":\"https:\\\/\\\/le-6-espace-rencontre-et-initiatives.fr\\\/?s={search_term_string}\"},\"query-input\":{\"@type\":\"PropertyValueSpecification\",\"valueRequired\":true,\"valueName\":\"search_term_string\"}}],\"inLanguage\":\"fr-FR\"},{\"@type\":\"Organization\",\"@id\":\"https:\\\/\\\/le-6-espace-rencontre-et-initiatives.fr\\\/#organization\",\"name\":\"Les collectifs du 6\",\"url\":\"https:\\\/\\\/le-6-espace-rencontre-et-initiatives.fr\\\/\",\"logo\":{\"@type\":\"ImageObject\",\"inLanguage\":\"fr-FR\",\"@id\":\"https:\\\/\\\/le-6-espace-rencontre-et-initiatives.fr\\\/#\\\/schema\\\/logo\\\/image\\\/\",\"url\":\"https:\\\/\\\/le-6-espace-rencontre-et-initiatives.fr\\\/wp-content\\\/uploads\\\/2021\\\/01\\\/Logo-Collectifs-du-6.png\",\"contentUrl\":\"https:\\\/\\\/le-6-espace-rencontre-et-initiatives.fr\\\/wp-content\\\/uploads\\\/2021\\\/01\\\/Logo-Collectifs-du-6.png\",\"width\":336,\"height\":342,\"caption\":\"Les collectifs du 6\"},\"image\":{\"@id\":\"https:\\\/\\\/le-6-espace-rencontre-et-initiatives.fr\\\/#\\\/schema\\\/logo\\\/image\\\/\"},\"sameAs\":[\"https:\\\/\\\/www.facebook.com\\\/espacerencontrele6rennes\"]},{\"@type\":\"Person\",\"@id\":\"https:\\\/\\\/le-6-espace-rencontre-et-initiatives.fr\\\/#\\\/schema\\\/person\\\/dbc291cd7e031ad95bd8a4fe7e73416e\",\"name\":\"collectifs\",\"image\":{\"@type\":\"ImageObject\",\"inLanguage\":\"fr-FR\",\"@id\":\"https:\\\/\\\/secure.gravatar.com\\\/avatar\\\/bd8ce97ffcdc8b874936274cc23aa49553482c5ebf939d440b3d0da214d87348?s=96&d=mm&r=g\",\"url\":\"https:\\\/\\\/secure.gravatar.com\\\/avatar\\\/bd8ce97ffcdc8b874936274cc23aa49553482c5ebf939d440b3d0da214d87348?s=96&d=mm&r=g\",\"contentUrl\":\"https:\\\/\\\/secure.gravatar.com\\\/avatar\\\/bd8ce97ffcdc8b874936274cc23aa49553482c5ebf939d440b3d0da214d87348?s=96&d=mm&r=g\",\"caption\":\"collectifs\"},\"sameAs\":[\"http:\\\/\\\/le-6-espace-rencontre-et-initiatives.fr\"]}]}<\/script>\n<!-- \/ Yoast SEO plugin. -->","yoast_head_json":{"title":"Une fleur pour la dignit\u00e9 - Le 6 Espace Rencontre et Initiatives","robots":{"index":"index","follow":"follow","max-snippet":"max-snippet:-1","max-image-preview":"max-image-preview:large","max-video-preview":"max-video-preview:-1"},"canonical":"https:\/\/le-6-espace-rencontre-et-initiatives.fr\/index.php\/2024\/11\/29\/une-fleur-pour-la-dignite-4\/","og_locale":"fr_FR","og_type":"article","og_title":"Une fleur pour la dignit\u00e9 - Le 6 Espace Rencontre et Initiatives","og_description":"Le 31 octobre 2024, le collectif Dignit\u00e9 Cimeti\u00e8re a organis\u00e9 l&rsquo;hommage annuel \u00ab\u00a0Une fleur pour la dignit\u00e9\u00a0\u00bb au Cimeti\u00e8re de","og_url":"https:\/\/le-6-espace-rencontre-et-initiatives.fr\/index.php\/2024\/11\/29\/une-fleur-pour-la-dignite-4\/","og_site_name":"Le 6 Espace Rencontre et Initiatives","article_publisher":"https:\/\/www.facebook.com\/espacerencontrele6rennes","article_published_time":"2024-11-29T18:03:53+00:00","article_modified_time":"2024-11-30T09:25:19+00:00","og_image":[{"width":1831,"height":1066,"url":"https:\/\/le-6-espace-rencontre-et-initiatives.fr\/wp-content\/uploads\/2024\/11\/Une-fleur-pour-la-dignite-spirale-de-la-vie-1.jpg","type":"image\/jpeg"}],"author":"collectifs","twitter_card":"summary_large_image","twitter_misc":{"\u00c9crit par":"collectifs","Dur\u00e9e de lecture estim\u00e9e":"2 minutes"},"schema":{"@context":"https:\/\/schema.org","@graph":[{"@type":"Article","@id":"https:\/\/le-6-espace-rencontre-et-initiatives.fr\/index.php\/2024\/11\/29\/une-fleur-pour-la-dignite-4\/#article","isPartOf":{"@id":"https:\/\/le-6-espace-rencontre-et-initiatives.fr\/index.php\/2024\/11\/29\/une-fleur-pour-la-dignite-4\/"},"author":{"name":"collectifs","@id":"https:\/\/le-6-espace-rencontre-et-initiatives.fr\/#\/schema\/person\/dbc291cd7e031ad95bd8a4fe7e73416e"},"headline":"Une fleur pour la dignit\u00e9","datePublished":"2024-11-29T18:03:53+00:00","dateModified":"2024-11-30T09:25:19+00:00","mainEntityOfPage":{"@id":"https:\/\/le-6-espace-rencontre-et-initiatives.fr\/index.php\/2024\/11\/29\/une-fleur-pour-la-dignite-4\/"},"wordCount":196,"publisher":{"@id":"https:\/\/le-6-espace-rencontre-et-initiatives.fr\/#organization"},"image":{"@id":"https:\/\/le-6-espace-rencontre-et-initiatives.fr\/index.php\/2024\/11\/29\/une-fleur-pour-la-dignite-4\/#primaryimage"},"thumbnailUrl":"https:\/\/le-6-espace-rencontre-et-initiatives.fr\/wp-content\/uploads\/2024\/11\/Une-fleur-pour-la-dignite-spirale-de-la-vie-1.jpg","articleSection":["Collectifs Dignit\u00e9 Cimeti\u00e8re"],"inLanguage":"fr-FR"},{"@type":"WebPage","@id":"https:\/\/le-6-espace-rencontre-et-initiatives.fr\/index.php\/2024\/11\/29\/une-fleur-pour-la-dignite-4\/","url":"https:\/\/le-6-espace-rencontre-et-initiatives.fr\/index.php\/2024\/11\/29\/une-fleur-pour-la-dignite-4\/","name":"Une fleur pour la dignit\u00e9 - Le 6 Espace Rencontre et Initiatives","isPartOf":{"@id":"https:\/\/le-6-espace-rencontre-et-initiatives.fr\/#website"},"primaryImageOfPage":{"@id":"https:\/\/le-6-espace-rencontre-et-initiatives.fr\/index.php\/2024\/11\/29\/une-fleur-pour-la-dignite-4\/#primaryimage"},"image":{"@id":"https:\/\/le-6-espace-rencontre-et-initiatives.fr\/index.php\/2024\/11\/29\/une-fleur-pour-la-dignite-4\/#primaryimage"},"thumbnailUrl":"https:\/\/le-6-espace-rencontre-et-initiatives.fr\/wp-content\/uploads\/2024\/11\/Une-fleur-pour-la-dignite-spirale-de-la-vie-1.jpg","datePublished":"2024-11-29T18:03:53+00:00","dateModified":"2024-11-30T09:25:19+00:00","breadcrumb":{"@id":"https:\/\/le-6-espace-rencontre-et-initiatives.fr\/index.php\/2024\/11\/29\/une-fleur-pour-la-dignite-4\/#breadcrumb"},"inLanguage":"fr-FR","potentialAction":[{"@type":"ReadAction","target":["https:\/\/le-6-espace-rencontre-et-initiatives.fr\/index.php\/2024\/11\/29\/une-fleur-pour-la-dignite-4\/"]}]},{"@type":"ImageObject","inLanguage":"fr-FR","@id":"https:\/\/le-6-espace-rencontre-et-initiatives.fr\/index.php\/2024\/11\/29\/une-fleur-pour-la-dignite-4\/#primaryimage","url":"https:\/\/le-6-espace-rencontre-et-initiatives.fr\/wp-content\/uploads\/2024\/11\/Une-fleur-pour-la-dignite-spirale-de-la-vie-1.jpg","contentUrl":"https:\/\/le-6-espace-rencontre-et-initiatives.fr\/wp-content\/uploads\/2024\/11\/Une-fleur-pour-la-dignite-spirale-de-la-vie-1.jpg","width":1831,"height":1066},{"@type":"BreadcrumbList","@id":"https:\/\/le-6-espace-rencontre-et-initiatives.fr\/index.php\/2024\/11\/29\/une-fleur-pour-la-dignite-4\/#breadcrumb","itemListElement":[{"@type":"ListItem","position":1,"name":"Accueil","item":"https:\/\/le-6-espace-rencontre-et-initiatives.fr\/"},{"@type":"ListItem","position":2,"name":"Une fleur pour la dignit\u00e9"}]},{"@type":"WebSite","@id":"https:\/\/le-6-espace-rencontre-et-initiatives.fr\/#website","url":"https:\/\/le-6-espace-rencontre-et-initiatives.fr\/","name":"Le 6 Espace Rencontre et Initiatives","description":"Ce site pr\u00e9sente une vue d&#039;ensemble de l&#039;histoire et des actions du &quot;6&quot; \u00e0 Rennes","publisher":{"@id":"https:\/\/le-6-espace-rencontre-et-initiatives.fr\/#organization"},"potentialAction":[{"@type":"SearchAction","target":{"@type":"EntryPoint","urlTemplate":"https:\/\/le-6-espace-rencontre-et-initiatives.fr\/?s={search_term_string}"},"query-input":{"@type":"PropertyValueSpecification","valueRequired":true,"valueName":"search_term_string"}}],"inLanguage":"fr-FR"},{"@type":"Organization","@id":"https:\/\/le-6-espace-rencontre-et-initiatives.fr\/#organization","name":"Les collectifs du 6","url":"https:\/\/le-6-espace-rencontre-et-initiatives.fr\/","logo":{"@type":"ImageObject","inLanguage":"fr-FR","@id":"https:\/\/le-6-espace-rencontre-et-initiatives.fr\/#\/schema\/logo\/image\/","url":"https:\/\/le-6-espace-rencontre-et-initiatives.fr\/wp-content\/uploads\/2021\/01\/Logo-Collectifs-du-6.png","contentUrl":"https:\/\/le-6-espace-rencontre-et-initiatives.fr\/wp-content\/uploads\/2021\/01\/Logo-Collectifs-du-6.png","width":336,"height":342,"caption":"Les collectifs du 6"},"image":{"@id":"https:\/\/le-6-espace-rencontre-et-initiatives.fr\/#\/schema\/logo\/image\/"},"sameAs":["https:\/\/www.facebook.com\/espacerencontrele6rennes"]},{"@type":"Person","@id":"https:\/\/le-6-espace-rencontre-et-initiatives.fr\/#\/schema\/person\/dbc291cd7e031ad95bd8a4fe7e73416e","name":"collectifs","image":{"@type":"ImageObject","inLanguage":"fr-FR","@id":"https:\/\/secure.gravatar.com\/avatar\/bd8ce97ffcdc8b874936274cc23aa49553482c5ebf939d440b3d0da214d87348?s=96&d=mm&r=g","url":"https:\/\/secure.gravatar.com\/avatar\/bd8ce97ffcdc8b874936274cc23aa49553482c5ebf939d440b3d0da214d87348?s=96&d=mm&r=g","contentUrl":"https:\/\/secure.gravatar.com\/avatar\/bd8ce97ffcdc8b874936274cc23aa49553482c5ebf939d440b3d0da214d87348?s=96&d=mm&r=g","caption":"collectifs"},"sameAs":["http:\/\/le-6-espace-rencontre-et-initiatives.fr"]}]}},"_links":{"self":[{"href":"https:\/\/le-6-espace-rencontre-et-initiatives.fr\/index.php\/wp-json\/wp\/v2\/posts\/13150","targetHints":{"allow":["GET"]}}],"collection":[{"href":"https:\/\/le-6-espace-rencontre-et-initiatives.fr\/index.php\/wp-json\/wp\/v2\/posts"}],"about":[{"href":"https:\/\/le-6-espace-rencontre-et-initiatives.fr\/index.php\/wp-json\/wp\/v2\/types\/post"}],"author":[{"embeddable":true,"href":"https:\/\/le-6-espace-rencontre-et-initiatives.fr\/index.php\/wp-json\/wp\/v2\/users\/1"}],"replies":[{"embeddable":true,"href":"https:\/\/le-6-espace-rencontre-et-initiatives.fr\/index.php\/wp-json\/wp\/v2\/comments?post=13150"}],"version-history":[{"count":6,"href":"https:\/\/le-6-espace-rencontre-et-initiatives.fr\/index.php\/wp-json\/wp\/v2\/posts\/13150\/revisions"}],"predecessor-version":[{"id":13164,"href":"https:\/\/le-6-espace-rencontre-et-initiatives.fr\/index.php\/wp-json\/wp\/v2\/posts\/13150\/revisions\/13164"}],"wp:featuredmedia":[{"embeddable":true,"href":"https:\/\/le-6-espace-rencontre-et-initiatives.fr\/index.php\/wp-json\/wp\/v2\/media\/13152"}],"wp:attachment":[{"href":"https:\/\/le-6-espace-rencontre-et-initiatives.fr\/index.php\/wp-json\/wp\/v2\/media?parent=13150"}],"wp:term":[{"taxonomy":"category","embeddable":true,"href":"https:\/\/le-6-espace-rencontre-et-initiatives.fr\/index.php\/wp-json\/wp\/v2\/categories?post=13150"},{"taxonomy":"post_tag","embeddable":true,"href":"https:\/\/le-6-espace-rencontre-et-initiatives.fr\/index.php\/wp-json\/wp\/v2\/tags?post=13150"}],"curies":[{"name":"wp","href":"https:\/\/api.w.org\/{rel}","templated":true}]}}