{"id":13130,"date":"2024-09-20T19:21:23","date_gmt":"2024-09-20T17:21:23","guid":{"rendered":"https:\/\/le-6-espace-rencontre-et-initiatives.fr\/?p=13130"},"modified":"2024-09-20T19:21:25","modified_gmt":"2024-09-20T17:21:25","slug":"collectif-le-sac-ma-maison","status":"publish","type":"post","link":"https:\/\/le-6-espace-rencontre-et-initiatives.fr\/index.php\/2024\/09\/20\/collectif-le-sac-ma-maison\/","title":{"rendered":"Collectif \u00ab\u00a0Le sac ma maison\u00a0\u00bb"},"content":{"rendered":"\n<p>Le film l&rsquo;Appel de la vie poursuit sont itin\u00e9raire de diffusion. <\/p>\n\n\n\n<p>Actuellement, des projections, suivies d&rsquo;un d\u00e9bat, sont programm\u00e9es ou en pr\u00e9paration : Trois interventions dans des coll\u00e8ges, une intervention en m\u00e9diath\u00e8que et une demande pour <a href=\"https:\/\/www.ouest-france.fr\/bretagne\/noyal-chatillon-sur-seiche-35230\/cinethique-a-noyal-chatillon-sur-seiche-un-festival-qui-sinterroge-sur-lavenir-de-la-planete-6158e6d2-bd2a-11ee-9585-6393a6758e42\">le festival Cin\u00e9&rsquo;thique de Noyal Chatillon<\/a>.<\/p>\n\n\n\n<p><\/p>\n","protected":false},"excerpt":{"rendered":"<p>Le film l&rsquo;Appel de la vie poursuit sont itin\u00e9raire de diffusion. Actuellement, des projections, suivies d&rsquo;un d\u00e9bat, sont programm\u00e9es ou<\/p>\n","protected":false},"author":1,"featured_media":230,"comment_status":"closed","ping_status":"open","sticky":false,"template":"","format":"standard","meta":{"_monsterinsights_skip_tracking":false,"_monsterinsights_sitenote_active":false,"_monsterinsights_sitenote_note":"","_monsterinsights_sitenote_category":0,"ngg_post_thumbnail":0,"footnotes":""},"categories":[17],"tags":[],"class_list":["post-13130","post","type-post","status-publish","format-standard","has-post-thumbnail","hentry","category-film-lappel-de-la-vie","comments-off"],"yoast_head":"<!-- This site is optimized with the Yoast SEO plugin v27.5 - https:\/\/yoast.com\/product\/yoast-seo-wordpress\/ -->\n<title>Collectif &quot;Le sac ma maison&quot; - Le 6 Espace Rencontre et Initiatives<\/title>\n<meta name=\"robots\" content=\"index, follow, max-snippet:-1, max-image-preview:large, max-video-preview:-1\" \/>\n<link rel=\"canonical\" href=\"https:\/\/le-6-espace-rencontre-et-initiatives.fr\/index.php\/2024\/09\/20\/collectif-le-sac-ma-maison\/\" \/>\n<meta property=\"og:locale\" content=\"fr_FR\" \/>\n<meta property=\"og:type\" content=\"article\" \/>\n<meta property=\"og:title\" content=\"Collectif &quot;Le sac ma maison&quot; - Le 6 Espace Rencontre et Initiatives\" \/>\n<meta property=\"og:description\" content=\"Le film l&rsquo;Appel de la vie poursuit sont itin\u00e9raire de diffusion. Actuellement, des projections, suivies d&rsquo;un d\u00e9bat, sont programm\u00e9es ou\" \/>\n<meta property=\"og:url\" content=\"https:\/\/le-6-espace-rencontre-et-initiatives.fr\/index.php\/2024\/09\/20\/collectif-le-sac-ma-maison\/\" \/>\n<meta property=\"og:site_name\" content=\"Le 6 Espace Rencontre et Initiatives\" \/>\n<meta property=\"article:publisher\" content=\"https:\/\/www.facebook.com\/espacerencontrele6rennes\" \/>\n<meta property=\"article:published_time\" content=\"2024-09-20T17:21:23+00:00\" \/>\n<meta property=\"article:modified_time\" content=\"2024-09-20T17:21:25+00:00\" \/>\n<meta property=\"og:image\" content=\"https:\/\/le-6-espace-rencontre-et-initiatives.fr\/wp-content\/uploads\/2021\/03\/2-APPEL-DE-LA-VIE.jpg\" \/>\n\t<meta property=\"og:image:width\" content=\"1920\" \/>\n\t<meta property=\"og:image:height\" content=\"1080\" \/>\n\t<meta property=\"og:image:type\" content=\"image\/jpeg\" \/>\n<meta name=\"author\" content=\"collectifs\" \/>\n<meta name=\"twitter:card\" content=\"summary_large_image\" \/>\n<meta name=\"twitter:label1\" content=\"\u00c9crit par\" \/>\n\t<meta name=\"twitter:data1\" content=\"collectifs\" \/>\n\t<meta name=\"twitter:label2\" content=\"Dur\u00e9e de lecture estim\u00e9e\" \/>\n\t<meta name=\"twitter:data2\" content=\"1 minute\" \/>\n<script type=\"application\/ld+json\" class=\"yoast-schema-graph\">{\"@context\":\"https:\\\/\\\/schema.org\",\"@graph\":[{\"@type\":\"Article\",\"@id\":\"https:\\\/\\\/le-6-espace-rencontre-et-initiatives.fr\\\/index.php\\\/2024\\\/09\\\/20\\\/collectif-le-sac-ma-maison\\\/#article\",\"isPartOf\":{\"@id\":\"https:\\\/\\\/le-6-espace-rencontre-et-initiatives.fr\\\/index.php\\\/2024\\\/09\\\/20\\\/collectif-le-sac-ma-maison\\\/\"},\"author\":{\"name\":\"collectifs\",\"@id\":\"https:\\\/\\\/le-6-espace-rencontre-et-initiatives.fr\\\/#\\\/schema\\\/person\\\/dbc291cd7e031ad95bd8a4fe7e73416e\"},\"headline\":\"Collectif \u00ab\u00a0Le sac ma maison\u00a0\u00bb\",\"datePublished\":\"2024-09-20T17:21:23+00:00\",\"dateModified\":\"2024-09-20T17:21:25+00:00\",\"mainEntityOfPage\":{\"@id\":\"https:\\\/\\\/le-6-espace-rencontre-et-initiatives.fr\\\/index.php\\\/2024\\\/09\\\/20\\\/collectif-le-sac-ma-maison\\\/\"},\"wordCount\":56,\"publisher\":{\"@id\":\"https:\\\/\\\/le-6-espace-rencontre-et-initiatives.fr\\\/#organization\"},\"image\":{\"@id\":\"https:\\\/\\\/le-6-espace-rencontre-et-initiatives.fr\\\/index.php\\\/2024\\\/09\\\/20\\\/collectif-le-sac-ma-maison\\\/#primaryimage\"},\"thumbnailUrl\":\"https:\\\/\\\/le-6-espace-rencontre-et-initiatives.fr\\\/wp-content\\\/uploads\\\/2021\\\/03\\\/2-APPEL-DE-LA-VIE.jpg\",\"articleSection\":[\"Film \\\"L\u2019appel de la vie\\\"\"],\"inLanguage\":\"fr-FR\"},{\"@type\":\"WebPage\",\"@id\":\"https:\\\/\\\/le-6-espace-rencontre-et-initiatives.fr\\\/index.php\\\/2024\\\/09\\\/20\\\/collectif-le-sac-ma-maison\\\/\",\"url\":\"https:\\\/\\\/le-6-espace-rencontre-et-initiatives.fr\\\/index.php\\\/2024\\\/09\\\/20\\\/collectif-le-sac-ma-maison\\\/\",\"name\":\"Collectif \\\"Le sac ma maison\\\" - Le 6 Espace Rencontre et Initiatives\",\"isPartOf\":{\"@id\":\"https:\\\/\\\/le-6-espace-rencontre-et-initiatives.fr\\\/#website\"},\"primaryImageOfPage\":{\"@id\":\"https:\\\/\\\/le-6-espace-rencontre-et-initiatives.fr\\\/index.php\\\/2024\\\/09\\\/20\\\/collectif-le-sac-ma-maison\\\/#primaryimage\"},\"image\":{\"@id\":\"https:\\\/\\\/le-6-espace-rencontre-et-initiatives.fr\\\/index.php\\\/2024\\\/09\\\/20\\\/collectif-le-sac-ma-maison\\\/#primaryimage\"},\"thumbnailUrl\":\"https:\\\/\\\/le-6-espace-rencontre-et-initiatives.fr\\\/wp-content\\\/uploads\\\/2021\\\/03\\\/2-APPEL-DE-LA-VIE.jpg\",\"datePublished\":\"2024-09-20T17:21:23+00:00\",\"dateModified\":\"2024-09-20T17:21:25+00:00\",\"breadcrumb\":{\"@id\":\"https:\\\/\\\/le-6-espace-rencontre-et-initiatives.fr\\\/index.php\\\/2024\\\/09\\\/20\\\/collectif-le-sac-ma-maison\\\/#breadcrumb\"},\"inLanguage\":\"fr-FR\",\"potentialAction\":[{\"@type\":\"ReadAction\",\"target\":[\"https:\\\/\\\/le-6-espace-rencontre-et-initiatives.fr\\\/index.php\\\/2024\\\/09\\\/20\\\/collectif-le-sac-ma-maison\\\/\"]}]},{\"@type\":\"ImageObject\",\"inLanguage\":\"fr-FR\",\"@id\":\"https:\\\/\\\/le-6-espace-rencontre-et-initiatives.fr\\\/index.php\\\/2024\\\/09\\\/20\\\/collectif-le-sac-ma-maison\\\/#primaryimage\",\"url\":\"https:\\\/\\\/le-6-espace-rencontre-et-initiatives.fr\\\/wp-content\\\/uploads\\\/2021\\\/03\\\/2-APPEL-DE-LA-VIE.jpg\",\"contentUrl\":\"https:\\\/\\\/le-6-espace-rencontre-et-initiatives.fr\\\/wp-content\\\/uploads\\\/2021\\\/03\\\/2-APPEL-DE-LA-VIE.jpg\",\"width\":1920,\"height\":1080},{\"@type\":\"BreadcrumbList\",\"@id\":\"https:\\\/\\\/le-6-espace-rencontre-et-initiatives.fr\\\/index.php\\\/2024\\\/09\\\/20\\\/collectif-le-sac-ma-maison\\\/#breadcrumb\",\"itemListElement\":[{\"@type\":\"ListItem\",\"position\":1,\"name\":\"Accueil\",\"item\":\"https:\\\/\\\/le-6-espace-rencontre-et-initiatives.fr\\\/\"},{\"@type\":\"ListItem\",\"position\":2,\"name\":\"Collectif \u00ab\u00a0Le sac ma maison\u00a0\u00bb\"}]},{\"@type\":\"WebSite\",\"@id\":\"https:\\\/\\\/le-6-espace-rencontre-et-initiatives.fr\\\/#website\",\"url\":\"https:\\\/\\\/le-6-espace-rencontre-et-initiatives.fr\\\/\",\"name\":\"Le 6 Espace Rencontre et Initiatives\",\"description\":\"Ce site pr\u00e9sente une vue d&#039;ensemble de l&#039;histoire et des actions du &quot;6&quot; \u00e0 Rennes\",\"publisher\":{\"@id\":\"https:\\\/\\\/le-6-espace-rencontre-et-initiatives.fr\\\/#organization\"},\"potentialAction\":[{\"@type\":\"SearchAction\",\"target\":{\"@type\":\"EntryPoint\",\"urlTemplate\":\"https:\\\/\\\/le-6-espace-rencontre-et-initiatives.fr\\\/?s={search_term_string}\"},\"query-input\":{\"@type\":\"PropertyValueSpecification\",\"valueRequired\":true,\"valueName\":\"search_term_string\"}}],\"inLanguage\":\"fr-FR\"},{\"@type\":\"Organization\",\"@id\":\"https:\\\/\\\/le-6-espace-rencontre-et-initiatives.fr\\\/#organization\",\"name\":\"Les collectifs du 6\",\"url\":\"https:\\\/\\\/le-6-espace-rencontre-et-initiatives.fr\\\/\",\"logo\":{\"@type\":\"ImageObject\",\"inLanguage\":\"fr-FR\",\"@id\":\"https:\\\/\\\/le-6-espace-rencontre-et-initiatives.fr\\\/#\\\/schema\\\/logo\\\/image\\\/\",\"url\":\"https:\\\/\\\/le-6-espace-rencontre-et-initiatives.fr\\\/wp-content\\\/uploads\\\/2021\\\/01\\\/Logo-Collectifs-du-6.png\",\"contentUrl\":\"https:\\\/\\\/le-6-espace-rencontre-et-initiatives.fr\\\/wp-content\\\/uploads\\\/2021\\\/01\\\/Logo-Collectifs-du-6.png\",\"width\":336,\"height\":342,\"caption\":\"Les collectifs du 6\"},\"image\":{\"@id\":\"https:\\\/\\\/le-6-espace-rencontre-et-initiatives.fr\\\/#\\\/schema\\\/logo\\\/image\\\/\"},\"sameAs\":[\"https:\\\/\\\/www.facebook.com\\\/espacerencontrele6rennes\"]},{\"@type\":\"Person\",\"@id\":\"https:\\\/\\\/le-6-espace-rencontre-et-initiatives.fr\\\/#\\\/schema\\\/person\\\/dbc291cd7e031ad95bd8a4fe7e73416e\",\"name\":\"collectifs\",\"image\":{\"@type\":\"ImageObject\",\"inLanguage\":\"fr-FR\",\"@id\":\"https:\\\/\\\/secure.gravatar.com\\\/avatar\\\/bd8ce97ffcdc8b874936274cc23aa49553482c5ebf939d440b3d0da214d87348?s=96&d=mm&r=g\",\"url\":\"https:\\\/\\\/secure.gravatar.com\\\/avatar\\\/bd8ce97ffcdc8b874936274cc23aa49553482c5ebf939d440b3d0da214d87348?s=96&d=mm&r=g\",\"contentUrl\":\"https:\\\/\\\/secure.gravatar.com\\\/avatar\\\/bd8ce97ffcdc8b874936274cc23aa49553482c5ebf939d440b3d0da214d87348?s=96&d=mm&r=g\",\"caption\":\"collectifs\"},\"sameAs\":[\"http:\\\/\\\/le-6-espace-rencontre-et-initiatives.fr\"]}]}<\/script>\n<!-- \/ Yoast SEO plugin. -->","yoast_head_json":{"title":"Collectif \"Le sac ma maison\" - Le 6 Espace Rencontre et Initiatives","robots":{"index":"index","follow":"follow","max-snippet":"max-snippet:-1","max-image-preview":"max-image-preview:large","max-video-preview":"max-video-preview:-1"},"canonical":"https:\/\/le-6-espace-rencontre-et-initiatives.fr\/index.php\/2024\/09\/20\/collectif-le-sac-ma-maison\/","og_locale":"fr_FR","og_type":"article","og_title":"Collectif \"Le sac ma maison\" - Le 6 Espace Rencontre et Initiatives","og_description":"Le film l&rsquo;Appel de la vie poursuit sont itin\u00e9raire de diffusion. Actuellement, des projections, suivies d&rsquo;un d\u00e9bat, sont programm\u00e9es ou","og_url":"https:\/\/le-6-espace-rencontre-et-initiatives.fr\/index.php\/2024\/09\/20\/collectif-le-sac-ma-maison\/","og_site_name":"Le 6 Espace Rencontre et Initiatives","article_publisher":"https:\/\/www.facebook.com\/espacerencontrele6rennes","article_published_time":"2024-09-20T17:21:23+00:00","article_modified_time":"2024-09-20T17:21:25+00:00","og_image":[{"width":1920,"height":1080,"url":"https:\/\/le-6-espace-rencontre-et-initiatives.fr\/wp-content\/uploads\/2021\/03\/2-APPEL-DE-LA-VIE.jpg","type":"image\/jpeg"}],"author":"collectifs","twitter_card":"summary_large_image","twitter_misc":{"\u00c9crit par":"collectifs","Dur\u00e9e de lecture estim\u00e9e":"1 minute"},"schema":{"@context":"https:\/\/schema.org","@graph":[{"@type":"Article","@id":"https:\/\/le-6-espace-rencontre-et-initiatives.fr\/index.php\/2024\/09\/20\/collectif-le-sac-ma-maison\/#article","isPartOf":{"@id":"https:\/\/le-6-espace-rencontre-et-initiatives.fr\/index.php\/2024\/09\/20\/collectif-le-sac-ma-maison\/"},"author":{"name":"collectifs","@id":"https:\/\/le-6-espace-rencontre-et-initiatives.fr\/#\/schema\/person\/dbc291cd7e031ad95bd8a4fe7e73416e"},"headline":"Collectif \u00ab\u00a0Le sac ma maison\u00a0\u00bb","datePublished":"2024-09-20T17:21:23+00:00","dateModified":"2024-09-20T17:21:25+00:00","mainEntityOfPage":{"@id":"https:\/\/le-6-espace-rencontre-et-initiatives.fr\/index.php\/2024\/09\/20\/collectif-le-sac-ma-maison\/"},"wordCount":56,"publisher":{"@id":"https:\/\/le-6-espace-rencontre-et-initiatives.fr\/#organization"},"image":{"@id":"https:\/\/le-6-espace-rencontre-et-initiatives.fr\/index.php\/2024\/09\/20\/collectif-le-sac-ma-maison\/#primaryimage"},"thumbnailUrl":"https:\/\/le-6-espace-rencontre-et-initiatives.fr\/wp-content\/uploads\/2021\/03\/2-APPEL-DE-LA-VIE.jpg","articleSection":["Film \"L\u2019appel de la vie\""],"inLanguage":"fr-FR"},{"@type":"WebPage","@id":"https:\/\/le-6-espace-rencontre-et-initiatives.fr\/index.php\/2024\/09\/20\/collectif-le-sac-ma-maison\/","url":"https:\/\/le-6-espace-rencontre-et-initiatives.fr\/index.php\/2024\/09\/20\/collectif-le-sac-ma-maison\/","name":"Collectif \"Le sac ma maison\" - Le 6 Espace Rencontre et Initiatives","isPartOf":{"@id":"https:\/\/le-6-espace-rencontre-et-initiatives.fr\/#website"},"primaryImageOfPage":{"@id":"https:\/\/le-6-espace-rencontre-et-initiatives.fr\/index.php\/2024\/09\/20\/collectif-le-sac-ma-maison\/#primaryimage"},"image":{"@id":"https:\/\/le-6-espace-rencontre-et-initiatives.fr\/index.php\/2024\/09\/20\/collectif-le-sac-ma-maison\/#primaryimage"},"thumbnailUrl":"https:\/\/le-6-espace-rencontre-et-initiatives.fr\/wp-content\/uploads\/2021\/03\/2-APPEL-DE-LA-VIE.jpg","datePublished":"2024-09-20T17:21:23+00:00","dateModified":"2024-09-20T17:21:25+00:00","breadcrumb":{"@id":"https:\/\/le-6-espace-rencontre-et-initiatives.fr\/index.php\/2024\/09\/20\/collectif-le-sac-ma-maison\/#breadcrumb"},"inLanguage":"fr-FR","potentialAction":[{"@type":"ReadAction","target":["https:\/\/le-6-espace-rencontre-et-initiatives.fr\/index.php\/2024\/09\/20\/collectif-le-sac-ma-maison\/"]}]},{"@type":"ImageObject","inLanguage":"fr-FR","@id":"https:\/\/le-6-espace-rencontre-et-initiatives.fr\/index.php\/2024\/09\/20\/collectif-le-sac-ma-maison\/#primaryimage","url":"https:\/\/le-6-espace-rencontre-et-initiatives.fr\/wp-content\/uploads\/2021\/03\/2-APPEL-DE-LA-VIE.jpg","contentUrl":"https:\/\/le-6-espace-rencontre-et-initiatives.fr\/wp-content\/uploads\/2021\/03\/2-APPEL-DE-LA-VIE.jpg","width":1920,"height":1080},{"@type":"BreadcrumbList","@id":"https:\/\/le-6-espace-rencontre-et-initiatives.fr\/index.php\/2024\/09\/20\/collectif-le-sac-ma-maison\/#breadcrumb","itemListElement":[{"@type":"ListItem","position":1,"name":"Accueil","item":"https:\/\/le-6-espace-rencontre-et-initiatives.fr\/"},{"@type":"ListItem","position":2,"name":"Collectif \u00ab\u00a0Le sac ma maison\u00a0\u00bb"}]},{"@type":"WebSite","@id":"https:\/\/le-6-espace-rencontre-et-initiatives.fr\/#website","url":"https:\/\/le-6-espace-rencontre-et-initiatives.fr\/","name":"Le 6 Espace Rencontre et Initiatives","description":"Ce site pr\u00e9sente une vue d&#039;ensemble de l&#039;histoire et des actions du &quot;6&quot; \u00e0 Rennes","publisher":{"@id":"https:\/\/le-6-espace-rencontre-et-initiatives.fr\/#organization"},"potentialAction":[{"@type":"SearchAction","target":{"@type":"EntryPoint","urlTemplate":"https:\/\/le-6-espace-rencontre-et-initiatives.fr\/?s={search_term_string}"},"query-input":{"@type":"PropertyValueSpecification","valueRequired":true,"valueName":"search_term_string"}}],"inLanguage":"fr-FR"},{"@type":"Organization","@id":"https:\/\/le-6-espace-rencontre-et-initiatives.fr\/#organization","name":"Les collectifs du 6","url":"https:\/\/le-6-espace-rencontre-et-initiatives.fr\/","logo":{"@type":"ImageObject","inLanguage":"fr-FR","@id":"https:\/\/le-6-espace-rencontre-et-initiatives.fr\/#\/schema\/logo\/image\/","url":"https:\/\/le-6-espace-rencontre-et-initiatives.fr\/wp-content\/uploads\/2021\/01\/Logo-Collectifs-du-6.png","contentUrl":"https:\/\/le-6-espace-rencontre-et-initiatives.fr\/wp-content\/uploads\/2021\/01\/Logo-Collectifs-du-6.png","width":336,"height":342,"caption":"Les collectifs du 6"},"image":{"@id":"https:\/\/le-6-espace-rencontre-et-initiatives.fr\/#\/schema\/logo\/image\/"},"sameAs":["https:\/\/www.facebook.com\/espacerencontrele6rennes"]},{"@type":"Person","@id":"https:\/\/le-6-espace-rencontre-et-initiatives.fr\/#\/schema\/person\/dbc291cd7e031ad95bd8a4fe7e73416e","name":"collectifs","image":{"@type":"ImageObject","inLanguage":"fr-FR","@id":"https:\/\/secure.gravatar.com\/avatar\/bd8ce97ffcdc8b874936274cc23aa49553482c5ebf939d440b3d0da214d87348?s=96&d=mm&r=g","url":"https:\/\/secure.gravatar.com\/avatar\/bd8ce97ffcdc8b874936274cc23aa49553482c5ebf939d440b3d0da214d87348?s=96&d=mm&r=g","contentUrl":"https:\/\/secure.gravatar.com\/avatar\/bd8ce97ffcdc8b874936274cc23aa49553482c5ebf939d440b3d0da214d87348?s=96&d=mm&r=g","caption":"collectifs"},"sameAs":["http:\/\/le-6-espace-rencontre-et-initiatives.fr"]}]}},"_links":{"self":[{"href":"https:\/\/le-6-espace-rencontre-et-initiatives.fr\/index.php\/wp-json\/wp\/v2\/posts\/13130","targetHints":{"allow":["GET"]}}],"collection":[{"href":"https:\/\/le-6-espace-rencontre-et-initiatives.fr\/index.php\/wp-json\/wp\/v2\/posts"}],"about":[{"href":"https:\/\/le-6-espace-rencontre-et-initiatives.fr\/index.php\/wp-json\/wp\/v2\/types\/post"}],"author":[{"embeddable":true,"href":"https:\/\/le-6-espace-rencontre-et-initiatives.fr\/index.php\/wp-json\/wp\/v2\/users\/1"}],"replies":[{"embeddable":true,"href":"https:\/\/le-6-espace-rencontre-et-initiatives.fr\/index.php\/wp-json\/wp\/v2\/comments?post=13130"}],"version-history":[{"count":1,"href":"https:\/\/le-6-espace-rencontre-et-initiatives.fr\/index.php\/wp-json\/wp\/v2\/posts\/13130\/revisions"}],"predecessor-version":[{"id":13131,"href":"https:\/\/le-6-espace-rencontre-et-initiatives.fr\/index.php\/wp-json\/wp\/v2\/posts\/13130\/revisions\/13131"}],"wp:featuredmedia":[{"embeddable":true,"href":"https:\/\/le-6-espace-rencontre-et-initiatives.fr\/index.php\/wp-json\/wp\/v2\/media\/230"}],"wp:attachment":[{"href":"https:\/\/le-6-espace-rencontre-et-initiatives.fr\/index.php\/wp-json\/wp\/v2\/media?parent=13130"}],"wp:term":[{"taxonomy":"category","embeddable":true,"href":"https:\/\/le-6-espace-rencontre-et-initiatives.fr\/index.php\/wp-json\/wp\/v2\/categories?post=13130"},{"taxonomy":"post_tag","embeddable":true,"href":"https:\/\/le-6-espace-rencontre-et-initiatives.fr\/index.php\/wp-json\/wp\/v2\/tags?post=13130"}],"curies":[{"name":"wp","href":"https:\/\/api.w.org\/{rel}","templated":true}]}}