{"id":13077,"date":"2024-03-01T19:38:24","date_gmt":"2024-03-01T18:38:24","guid":{"rendered":"https:\/\/le-6-espace-rencontre-et-initiatives.fr\/?p=13077"},"modified":"2024-03-01T19:40:00","modified_gmt":"2024-03-01T18:40:00","slug":"hommage-a-yann-le-18-janvier","status":"publish","type":"post","link":"https:\/\/le-6-espace-rencontre-et-initiatives.fr\/index.php\/2024\/03\/01\/hommage-a-yann-le-18-janvier\/","title":{"rendered":"Hommage \u00e0 Yann, le 18 janvier"},"content":{"rendered":"<div class=\"wp-block-image\">\n<figure class=\"aligncenter size-large is-resized\"><img loading=\"lazy\" decoding=\"async\" width=\"1024\" height=\"768\" src=\"https:\/\/le-6-espace-rencontre-et-initiatives.fr\/wp-content\/uploads\/2024\/03\/Photo-hommage-a-Yann-1024x768.jpg\" alt=\"\" class=\"wp-image-13079\" style=\"width:598px;height:auto\" srcset=\"https:\/\/le-6-espace-rencontre-et-initiatives.fr\/wp-content\/uploads\/2024\/03\/Photo-hommage-a-Yann-1024x768.jpg 1024w, https:\/\/le-6-espace-rencontre-et-initiatives.fr\/wp-content\/uploads\/2024\/03\/Photo-hommage-a-Yann-300x225.jpg 300w, https:\/\/le-6-espace-rencontre-et-initiatives.fr\/wp-content\/uploads\/2024\/03\/Photo-hommage-a-Yann-768x576.jpg 768w, https:\/\/le-6-espace-rencontre-et-initiatives.fr\/wp-content\/uploads\/2024\/03\/Photo-hommage-a-Yann-1536x1152.jpg 1536w, https:\/\/le-6-espace-rencontre-et-initiatives.fr\/wp-content\/uploads\/2024\/03\/Photo-hommage-a-Yann-2048x1536.jpg 2048w, https:\/\/le-6-espace-rencontre-et-initiatives.fr\/wp-content\/uploads\/2024\/03\/Photo-hommage-a-Yann-600x450.jpg 600w\" sizes=\"auto, (max-width: 1024px) 100vw, 1024px\" \/><\/figure>\n<\/div>\n\n\n<p>Le 18 janvier 2024, des ami(e)s de Yann, d\u00e9c\u00e9d\u00e9 tragiquement dans un appartement \u00e0 Rennes, se sont rassembl\u00e9s, avec le soutien du collectif Dignit\u00e9 Cimeti\u00e8re, devant le magasin o\u00f9 il faisait r\u00e9guli\u00e8rement la manche.<\/p>\n\n\n\n<p>Environ 45 personnes ont particip\u00e9 \u00e0 cet hommage, avec des gens du quartier qui le connaissaient.<\/p>\n\n\n\n<p>Le message fort choisi par ses proches et \u00e9crit au sol \u00e9tait : <strong>\u00ab\u00a0Honte \u00e0 la violence, vivons la paix !\u00a0\u00bb<\/strong><\/p>\n\n\n\n<p>Ils ont voulu r\u00e9pondre \u00e0 la violence par une manifestation de paix. <\/p>\n\n\n\n<p>Cet hommage a rassembl\u00e9 des personnes diverses : voisins, clients du magasin, amis du d\u00e9funt.<\/p>\n","protected":false},"excerpt":{"rendered":"<p>Le 18 janvier 2024, des ami(e)s de Yann, d\u00e9c\u00e9d\u00e9 tragiquement dans un appartement \u00e0 Rennes, se sont rassembl\u00e9s, avec le<\/p>\n","protected":false},"author":1,"featured_media":13079,"comment_status":"closed","ping_status":"open","sticky":false,"template":"","format":"standard","meta":{"_monsterinsights_skip_tracking":false,"_monsterinsights_sitenote_active":false,"_monsterinsights_sitenote_note":"","_monsterinsights_sitenote_category":0,"ngg_post_thumbnail":0,"footnotes":""},"categories":[3],"tags":[],"class_list":["post-13077","post","type-post","status-publish","format-standard","has-post-thumbnail","hentry","category-collectifs-dignite-cimetiere","comments-off"],"yoast_head":"<!-- This site is optimized with the Yoast SEO plugin v27.5 - https:\/\/yoast.com\/product\/yoast-seo-wordpress\/ -->\n<title>Hommage \u00e0 Yann, le 18 janvier - Le 6 Espace Rencontre et Initiatives<\/title>\n<meta name=\"robots\" content=\"index, follow, max-snippet:-1, max-image-preview:large, max-video-preview:-1\" \/>\n<link rel=\"canonical\" href=\"https:\/\/le-6-espace-rencontre-et-initiatives.fr\/index.php\/2024\/03\/01\/hommage-a-yann-le-18-janvier\/\" \/>\n<meta property=\"og:locale\" content=\"fr_FR\" \/>\n<meta property=\"og:type\" content=\"article\" \/>\n<meta property=\"og:title\" content=\"Hommage \u00e0 Yann, le 18 janvier - Le 6 Espace Rencontre et Initiatives\" \/>\n<meta property=\"og:description\" content=\"Le 18 janvier 2024, des ami(e)s de Yann, d\u00e9c\u00e9d\u00e9 tragiquement dans un appartement \u00e0 Rennes, se sont rassembl\u00e9s, avec le\" \/>\n<meta property=\"og:url\" content=\"https:\/\/le-6-espace-rencontre-et-initiatives.fr\/index.php\/2024\/03\/01\/hommage-a-yann-le-18-janvier\/\" \/>\n<meta property=\"og:site_name\" content=\"Le 6 Espace Rencontre et Initiatives\" \/>\n<meta property=\"article:publisher\" content=\"https:\/\/www.facebook.com\/espacerencontrele6rennes\" \/>\n<meta property=\"article:published_time\" content=\"2024-03-01T18:38:24+00:00\" \/>\n<meta property=\"article:modified_time\" content=\"2024-03-01T18:40:00+00:00\" \/>\n<meta property=\"og:image\" content=\"https:\/\/le-6-espace-rencontre-et-initiatives.fr\/wp-content\/uploads\/2024\/03\/Photo-hommage-a-Yann-scaled.jpg\" \/>\n\t<meta property=\"og:image:width\" content=\"2560\" \/>\n\t<meta property=\"og:image:height\" content=\"1920\" \/>\n\t<meta property=\"og:image:type\" content=\"image\/jpeg\" \/>\n<meta name=\"author\" content=\"collectifs\" \/>\n<meta name=\"twitter:card\" content=\"summary_large_image\" \/>\n<meta name=\"twitter:label1\" content=\"\u00c9crit par\" \/>\n\t<meta name=\"twitter:data1\" content=\"collectifs\" \/>\n\t<meta name=\"twitter:label2\" content=\"Dur\u00e9e de lecture estim\u00e9e\" \/>\n\t<meta name=\"twitter:data2\" content=\"1 minute\" \/>\n<script type=\"application\/ld+json\" class=\"yoast-schema-graph\">{\"@context\":\"https:\\\/\\\/schema.org\",\"@graph\":[{\"@type\":\"Article\",\"@id\":\"https:\\\/\\\/le-6-espace-rencontre-et-initiatives.fr\\\/index.php\\\/2024\\\/03\\\/01\\\/hommage-a-yann-le-18-janvier\\\/#article\",\"isPartOf\":{\"@id\":\"https:\\\/\\\/le-6-espace-rencontre-et-initiatives.fr\\\/index.php\\\/2024\\\/03\\\/01\\\/hommage-a-yann-le-18-janvier\\\/\"},\"author\":{\"name\":\"collectifs\",\"@id\":\"https:\\\/\\\/le-6-espace-rencontre-et-initiatives.fr\\\/#\\\/schema\\\/person\\\/dbc291cd7e031ad95bd8a4fe7e73416e\"},\"headline\":\"Hommage \u00e0 Yann, le 18 janvier\",\"datePublished\":\"2024-03-01T18:38:24+00:00\",\"dateModified\":\"2024-03-01T18:40:00+00:00\",\"mainEntityOfPage\":{\"@id\":\"https:\\\/\\\/le-6-espace-rencontre-et-initiatives.fr\\\/index.php\\\/2024\\\/03\\\/01\\\/hommage-a-yann-le-18-janvier\\\/\"},\"wordCount\":102,\"publisher\":{\"@id\":\"https:\\\/\\\/le-6-espace-rencontre-et-initiatives.fr\\\/#organization\"},\"image\":{\"@id\":\"https:\\\/\\\/le-6-espace-rencontre-et-initiatives.fr\\\/index.php\\\/2024\\\/03\\\/01\\\/hommage-a-yann-le-18-janvier\\\/#primaryimage\"},\"thumbnailUrl\":\"https:\\\/\\\/le-6-espace-rencontre-et-initiatives.fr\\\/wp-content\\\/uploads\\\/2024\\\/03\\\/Photo-hommage-a-Yann-scaled.jpg\",\"articleSection\":[\"Collectifs Dignit\u00e9 Cimeti\u00e8re\"],\"inLanguage\":\"fr-FR\"},{\"@type\":\"WebPage\",\"@id\":\"https:\\\/\\\/le-6-espace-rencontre-et-initiatives.fr\\\/index.php\\\/2024\\\/03\\\/01\\\/hommage-a-yann-le-18-janvier\\\/\",\"url\":\"https:\\\/\\\/le-6-espace-rencontre-et-initiatives.fr\\\/index.php\\\/2024\\\/03\\\/01\\\/hommage-a-yann-le-18-janvier\\\/\",\"name\":\"Hommage \u00e0 Yann, le 18 janvier - Le 6 Espace Rencontre et Initiatives\",\"isPartOf\":{\"@id\":\"https:\\\/\\\/le-6-espace-rencontre-et-initiatives.fr\\\/#website\"},\"primaryImageOfPage\":{\"@id\":\"https:\\\/\\\/le-6-espace-rencontre-et-initiatives.fr\\\/index.php\\\/2024\\\/03\\\/01\\\/hommage-a-yann-le-18-janvier\\\/#primaryimage\"},\"image\":{\"@id\":\"https:\\\/\\\/le-6-espace-rencontre-et-initiatives.fr\\\/index.php\\\/2024\\\/03\\\/01\\\/hommage-a-yann-le-18-janvier\\\/#primaryimage\"},\"thumbnailUrl\":\"https:\\\/\\\/le-6-espace-rencontre-et-initiatives.fr\\\/wp-content\\\/uploads\\\/2024\\\/03\\\/Photo-hommage-a-Yann-scaled.jpg\",\"datePublished\":\"2024-03-01T18:38:24+00:00\",\"dateModified\":\"2024-03-01T18:40:00+00:00\",\"breadcrumb\":{\"@id\":\"https:\\\/\\\/le-6-espace-rencontre-et-initiatives.fr\\\/index.php\\\/2024\\\/03\\\/01\\\/hommage-a-yann-le-18-janvier\\\/#breadcrumb\"},\"inLanguage\":\"fr-FR\",\"potentialAction\":[{\"@type\":\"ReadAction\",\"target\":[\"https:\\\/\\\/le-6-espace-rencontre-et-initiatives.fr\\\/index.php\\\/2024\\\/03\\\/01\\\/hommage-a-yann-le-18-janvier\\\/\"]}]},{\"@type\":\"ImageObject\",\"inLanguage\":\"fr-FR\",\"@id\":\"https:\\\/\\\/le-6-espace-rencontre-et-initiatives.fr\\\/index.php\\\/2024\\\/03\\\/01\\\/hommage-a-yann-le-18-janvier\\\/#primaryimage\",\"url\":\"https:\\\/\\\/le-6-espace-rencontre-et-initiatives.fr\\\/wp-content\\\/uploads\\\/2024\\\/03\\\/Photo-hommage-a-Yann-scaled.jpg\",\"contentUrl\":\"https:\\\/\\\/le-6-espace-rencontre-et-initiatives.fr\\\/wp-content\\\/uploads\\\/2024\\\/03\\\/Photo-hommage-a-Yann-scaled.jpg\",\"width\":2560,\"height\":1920},{\"@type\":\"BreadcrumbList\",\"@id\":\"https:\\\/\\\/le-6-espace-rencontre-et-initiatives.fr\\\/index.php\\\/2024\\\/03\\\/01\\\/hommage-a-yann-le-18-janvier\\\/#breadcrumb\",\"itemListElement\":[{\"@type\":\"ListItem\",\"position\":1,\"name\":\"Accueil\",\"item\":\"https:\\\/\\\/le-6-espace-rencontre-et-initiatives.fr\\\/\"},{\"@type\":\"ListItem\",\"position\":2,\"name\":\"Hommage \u00e0 Yann, le 18 janvier\"}]},{\"@type\":\"WebSite\",\"@id\":\"https:\\\/\\\/le-6-espace-rencontre-et-initiatives.fr\\\/#website\",\"url\":\"https:\\\/\\\/le-6-espace-rencontre-et-initiatives.fr\\\/\",\"name\":\"Le 6 Espace Rencontre et Initiatives\",\"description\":\"Ce site pr\u00e9sente une vue d&#039;ensemble de l&#039;histoire et des actions du &quot;6&quot; \u00e0 Rennes\",\"publisher\":{\"@id\":\"https:\\\/\\\/le-6-espace-rencontre-et-initiatives.fr\\\/#organization\"},\"potentialAction\":[{\"@type\":\"SearchAction\",\"target\":{\"@type\":\"EntryPoint\",\"urlTemplate\":\"https:\\\/\\\/le-6-espace-rencontre-et-initiatives.fr\\\/?s={search_term_string}\"},\"query-input\":{\"@type\":\"PropertyValueSpecification\",\"valueRequired\":true,\"valueName\":\"search_term_string\"}}],\"inLanguage\":\"fr-FR\"},{\"@type\":\"Organization\",\"@id\":\"https:\\\/\\\/le-6-espace-rencontre-et-initiatives.fr\\\/#organization\",\"name\":\"Les collectifs du 6\",\"url\":\"https:\\\/\\\/le-6-espace-rencontre-et-initiatives.fr\\\/\",\"logo\":{\"@type\":\"ImageObject\",\"inLanguage\":\"fr-FR\",\"@id\":\"https:\\\/\\\/le-6-espace-rencontre-et-initiatives.fr\\\/#\\\/schema\\\/logo\\\/image\\\/\",\"url\":\"https:\\\/\\\/le-6-espace-rencontre-et-initiatives.fr\\\/wp-content\\\/uploads\\\/2021\\\/01\\\/Logo-Collectifs-du-6.png\",\"contentUrl\":\"https:\\\/\\\/le-6-espace-rencontre-et-initiatives.fr\\\/wp-content\\\/uploads\\\/2021\\\/01\\\/Logo-Collectifs-du-6.png\",\"width\":336,\"height\":342,\"caption\":\"Les collectifs du 6\"},\"image\":{\"@id\":\"https:\\\/\\\/le-6-espace-rencontre-et-initiatives.fr\\\/#\\\/schema\\\/logo\\\/image\\\/\"},\"sameAs\":[\"https:\\\/\\\/www.facebook.com\\\/espacerencontrele6rennes\"]},{\"@type\":\"Person\",\"@id\":\"https:\\\/\\\/le-6-espace-rencontre-et-initiatives.fr\\\/#\\\/schema\\\/person\\\/dbc291cd7e031ad95bd8a4fe7e73416e\",\"name\":\"collectifs\",\"image\":{\"@type\":\"ImageObject\",\"inLanguage\":\"fr-FR\",\"@id\":\"https:\\\/\\\/secure.gravatar.com\\\/avatar\\\/bd8ce97ffcdc8b874936274cc23aa49553482c5ebf939d440b3d0da214d87348?s=96&d=mm&r=g\",\"url\":\"https:\\\/\\\/secure.gravatar.com\\\/avatar\\\/bd8ce97ffcdc8b874936274cc23aa49553482c5ebf939d440b3d0da214d87348?s=96&d=mm&r=g\",\"contentUrl\":\"https:\\\/\\\/secure.gravatar.com\\\/avatar\\\/bd8ce97ffcdc8b874936274cc23aa49553482c5ebf939d440b3d0da214d87348?s=96&d=mm&r=g\",\"caption\":\"collectifs\"},\"sameAs\":[\"http:\\\/\\\/le-6-espace-rencontre-et-initiatives.fr\"]}]}<\/script>\n<!-- \/ Yoast SEO plugin. -->","yoast_head_json":{"title":"Hommage \u00e0 Yann, le 18 janvier - Le 6 Espace Rencontre et Initiatives","robots":{"index":"index","follow":"follow","max-snippet":"max-snippet:-1","max-image-preview":"max-image-preview:large","max-video-preview":"max-video-preview:-1"},"canonical":"https:\/\/le-6-espace-rencontre-et-initiatives.fr\/index.php\/2024\/03\/01\/hommage-a-yann-le-18-janvier\/","og_locale":"fr_FR","og_type":"article","og_title":"Hommage \u00e0 Yann, le 18 janvier - Le 6 Espace Rencontre et Initiatives","og_description":"Le 18 janvier 2024, des ami(e)s de Yann, d\u00e9c\u00e9d\u00e9 tragiquement dans un appartement \u00e0 Rennes, se sont rassembl\u00e9s, avec le","og_url":"https:\/\/le-6-espace-rencontre-et-initiatives.fr\/index.php\/2024\/03\/01\/hommage-a-yann-le-18-janvier\/","og_site_name":"Le 6 Espace Rencontre et Initiatives","article_publisher":"https:\/\/www.facebook.com\/espacerencontrele6rennes","article_published_time":"2024-03-01T18:38:24+00:00","article_modified_time":"2024-03-01T18:40:00+00:00","og_image":[{"width":2560,"height":1920,"url":"https:\/\/le-6-espace-rencontre-et-initiatives.fr\/wp-content\/uploads\/2024\/03\/Photo-hommage-a-Yann-scaled.jpg","type":"image\/jpeg"}],"author":"collectifs","twitter_card":"summary_large_image","twitter_misc":{"\u00c9crit par":"collectifs","Dur\u00e9e de lecture estim\u00e9e":"1 minute"},"schema":{"@context":"https:\/\/schema.org","@graph":[{"@type":"Article","@id":"https:\/\/le-6-espace-rencontre-et-initiatives.fr\/index.php\/2024\/03\/01\/hommage-a-yann-le-18-janvier\/#article","isPartOf":{"@id":"https:\/\/le-6-espace-rencontre-et-initiatives.fr\/index.php\/2024\/03\/01\/hommage-a-yann-le-18-janvier\/"},"author":{"name":"collectifs","@id":"https:\/\/le-6-espace-rencontre-et-initiatives.fr\/#\/schema\/person\/dbc291cd7e031ad95bd8a4fe7e73416e"},"headline":"Hommage \u00e0 Yann, le 18 janvier","datePublished":"2024-03-01T18:38:24+00:00","dateModified":"2024-03-01T18:40:00+00:00","mainEntityOfPage":{"@id":"https:\/\/le-6-espace-rencontre-et-initiatives.fr\/index.php\/2024\/03\/01\/hommage-a-yann-le-18-janvier\/"},"wordCount":102,"publisher":{"@id":"https:\/\/le-6-espace-rencontre-et-initiatives.fr\/#organization"},"image":{"@id":"https:\/\/le-6-espace-rencontre-et-initiatives.fr\/index.php\/2024\/03\/01\/hommage-a-yann-le-18-janvier\/#primaryimage"},"thumbnailUrl":"https:\/\/le-6-espace-rencontre-et-initiatives.fr\/wp-content\/uploads\/2024\/03\/Photo-hommage-a-Yann-scaled.jpg","articleSection":["Collectifs Dignit\u00e9 Cimeti\u00e8re"],"inLanguage":"fr-FR"},{"@type":"WebPage","@id":"https:\/\/le-6-espace-rencontre-et-initiatives.fr\/index.php\/2024\/03\/01\/hommage-a-yann-le-18-janvier\/","url":"https:\/\/le-6-espace-rencontre-et-initiatives.fr\/index.php\/2024\/03\/01\/hommage-a-yann-le-18-janvier\/","name":"Hommage \u00e0 Yann, le 18 janvier - Le 6 Espace Rencontre et Initiatives","isPartOf":{"@id":"https:\/\/le-6-espace-rencontre-et-initiatives.fr\/#website"},"primaryImageOfPage":{"@id":"https:\/\/le-6-espace-rencontre-et-initiatives.fr\/index.php\/2024\/03\/01\/hommage-a-yann-le-18-janvier\/#primaryimage"},"image":{"@id":"https:\/\/le-6-espace-rencontre-et-initiatives.fr\/index.php\/2024\/03\/01\/hommage-a-yann-le-18-janvier\/#primaryimage"},"thumbnailUrl":"https:\/\/le-6-espace-rencontre-et-initiatives.fr\/wp-content\/uploads\/2024\/03\/Photo-hommage-a-Yann-scaled.jpg","datePublished":"2024-03-01T18:38:24+00:00","dateModified":"2024-03-01T18:40:00+00:00","breadcrumb":{"@id":"https:\/\/le-6-espace-rencontre-et-initiatives.fr\/index.php\/2024\/03\/01\/hommage-a-yann-le-18-janvier\/#breadcrumb"},"inLanguage":"fr-FR","potentialAction":[{"@type":"ReadAction","target":["https:\/\/le-6-espace-rencontre-et-initiatives.fr\/index.php\/2024\/03\/01\/hommage-a-yann-le-18-janvier\/"]}]},{"@type":"ImageObject","inLanguage":"fr-FR","@id":"https:\/\/le-6-espace-rencontre-et-initiatives.fr\/index.php\/2024\/03\/01\/hommage-a-yann-le-18-janvier\/#primaryimage","url":"https:\/\/le-6-espace-rencontre-et-initiatives.fr\/wp-content\/uploads\/2024\/03\/Photo-hommage-a-Yann-scaled.jpg","contentUrl":"https:\/\/le-6-espace-rencontre-et-initiatives.fr\/wp-content\/uploads\/2024\/03\/Photo-hommage-a-Yann-scaled.jpg","width":2560,"height":1920},{"@type":"BreadcrumbList","@id":"https:\/\/le-6-espace-rencontre-et-initiatives.fr\/index.php\/2024\/03\/01\/hommage-a-yann-le-18-janvier\/#breadcrumb","itemListElement":[{"@type":"ListItem","position":1,"name":"Accueil","item":"https:\/\/le-6-espace-rencontre-et-initiatives.fr\/"},{"@type":"ListItem","position":2,"name":"Hommage \u00e0 Yann, le 18 janvier"}]},{"@type":"WebSite","@id":"https:\/\/le-6-espace-rencontre-et-initiatives.fr\/#website","url":"https:\/\/le-6-espace-rencontre-et-initiatives.fr\/","name":"Le 6 Espace Rencontre et Initiatives","description":"Ce site pr\u00e9sente une vue d&#039;ensemble de l&#039;histoire et des actions du &quot;6&quot; \u00e0 Rennes","publisher":{"@id":"https:\/\/le-6-espace-rencontre-et-initiatives.fr\/#organization"},"potentialAction":[{"@type":"SearchAction","target":{"@type":"EntryPoint","urlTemplate":"https:\/\/le-6-espace-rencontre-et-initiatives.fr\/?s={search_term_string}"},"query-input":{"@type":"PropertyValueSpecification","valueRequired":true,"valueName":"search_term_string"}}],"inLanguage":"fr-FR"},{"@type":"Organization","@id":"https:\/\/le-6-espace-rencontre-et-initiatives.fr\/#organization","name":"Les collectifs du 6","url":"https:\/\/le-6-espace-rencontre-et-initiatives.fr\/","logo":{"@type":"ImageObject","inLanguage":"fr-FR","@id":"https:\/\/le-6-espace-rencontre-et-initiatives.fr\/#\/schema\/logo\/image\/","url":"https:\/\/le-6-espace-rencontre-et-initiatives.fr\/wp-content\/uploads\/2021\/01\/Logo-Collectifs-du-6.png","contentUrl":"https:\/\/le-6-espace-rencontre-et-initiatives.fr\/wp-content\/uploads\/2021\/01\/Logo-Collectifs-du-6.png","width":336,"height":342,"caption":"Les collectifs du 6"},"image":{"@id":"https:\/\/le-6-espace-rencontre-et-initiatives.fr\/#\/schema\/logo\/image\/"},"sameAs":["https:\/\/www.facebook.com\/espacerencontrele6rennes"]},{"@type":"Person","@id":"https:\/\/le-6-espace-rencontre-et-initiatives.fr\/#\/schema\/person\/dbc291cd7e031ad95bd8a4fe7e73416e","name":"collectifs","image":{"@type":"ImageObject","inLanguage":"fr-FR","@id":"https:\/\/secure.gravatar.com\/avatar\/bd8ce97ffcdc8b874936274cc23aa49553482c5ebf939d440b3d0da214d87348?s=96&d=mm&r=g","url":"https:\/\/secure.gravatar.com\/avatar\/bd8ce97ffcdc8b874936274cc23aa49553482c5ebf939d440b3d0da214d87348?s=96&d=mm&r=g","contentUrl":"https:\/\/secure.gravatar.com\/avatar\/bd8ce97ffcdc8b874936274cc23aa49553482c5ebf939d440b3d0da214d87348?s=96&d=mm&r=g","caption":"collectifs"},"sameAs":["http:\/\/le-6-espace-rencontre-et-initiatives.fr"]}]}},"_links":{"self":[{"href":"https:\/\/le-6-espace-rencontre-et-initiatives.fr\/index.php\/wp-json\/wp\/v2\/posts\/13077","targetHints":{"allow":["GET"]}}],"collection":[{"href":"https:\/\/le-6-espace-rencontre-et-initiatives.fr\/index.php\/wp-json\/wp\/v2\/posts"}],"about":[{"href":"https:\/\/le-6-espace-rencontre-et-initiatives.fr\/index.php\/wp-json\/wp\/v2\/types\/post"}],"author":[{"embeddable":true,"href":"https:\/\/le-6-espace-rencontre-et-initiatives.fr\/index.php\/wp-json\/wp\/v2\/users\/1"}],"replies":[{"embeddable":true,"href":"https:\/\/le-6-espace-rencontre-et-initiatives.fr\/index.php\/wp-json\/wp\/v2\/comments?post=13077"}],"version-history":[{"count":4,"href":"https:\/\/le-6-espace-rencontre-et-initiatives.fr\/index.php\/wp-json\/wp\/v2\/posts\/13077\/revisions"}],"predecessor-version":[{"id":13082,"href":"https:\/\/le-6-espace-rencontre-et-initiatives.fr\/index.php\/wp-json\/wp\/v2\/posts\/13077\/revisions\/13082"}],"wp:featuredmedia":[{"embeddable":true,"href":"https:\/\/le-6-espace-rencontre-et-initiatives.fr\/index.php\/wp-json\/wp\/v2\/media\/13079"}],"wp:attachment":[{"href":"https:\/\/le-6-espace-rencontre-et-initiatives.fr\/index.php\/wp-json\/wp\/v2\/media?parent=13077"}],"wp:term":[{"taxonomy":"category","embeddable":true,"href":"https:\/\/le-6-espace-rencontre-et-initiatives.fr\/index.php\/wp-json\/wp\/v2\/categories?post=13077"},{"taxonomy":"post_tag","embeddable":true,"href":"https:\/\/le-6-espace-rencontre-et-initiatives.fr\/index.php\/wp-json\/wp\/v2\/tags?post=13077"}],"curies":[{"name":"wp","href":"https:\/\/api.w.org\/{rel}","templated":true}]}}