{"id":13056,"date":"2024-01-12T19:24:37","date_gmt":"2024-01-12T18:24:37","guid":{"rendered":"https:\/\/le-6-espace-rencontre-et-initiatives.fr\/?p=13056"},"modified":"2024-01-12T19:24:38","modified_gmt":"2024-01-12T18:24:38","slug":"chemin-de-vie-entre-dans-le-patrimoine-de-la-ville-de-rennes","status":"publish","type":"post","link":"https:\/\/le-6-espace-rencontre-et-initiatives.fr\/index.php\/2024\/01\/12\/chemin-de-vie-entre-dans-le-patrimoine-de-la-ville-de-rennes\/","title":{"rendered":"Chemin de vie entre dans le patrimoine de la ville de Rennes"},"content":{"rendered":"\n<p>Le 16 f\u00e9vrier 2024 sera sign\u00e9e \u00e0 l\u2019H\u00f4tel de ville de Rennes une convention de r\u00e9trocession de <a href=\"https:\/\/le-6-espace-rencontre-et-initiatives.fr\/index.php\/loeuvre-dart-chemin-de-vie\/\">l\u2019\u0153uvre d&rsquo;art Chemin de vie<\/a>, une \u0153uvre de Philippe Le Ray avec des gravures sur granit de Jo\u00ebl Gendreau et la participation de 65 personnes du <a href=\"https:\/\/le-6-espace-rencontre-et-initiatives.fr\/index.php\/presentation-du-film-le-sac-ma-maison\/\">collectif \u00ab\u00a0le Sac ma maison\u00a0\u00bb<\/a>.<\/p>\n\n\n\n<p>En amont de cette cr\u00e9ation, il y a eu tout un travail pour r\u00e9unir les 58 t\u00e9moignages de personnes \u00e0 la rue ou ayant connu la rue, avec le sac \u00e0 dos : leur maison et un travail aussi en atelier.<\/p>\n\n\n\n<p>Nous nous r\u00e9jouissons de l&rsquo;entr\u00e9e de l\u2019\u0153uvre dans le patrimoine de la ville. \u00ab\u00a0Chemin de vie\u00a0\u00bb pourra ainsi b\u00e9n\u00e9ficier de la communication de la ville concernant les \u0153uvres d&rsquo;art de Rennes. Nous esp\u00e9rons ainsi un rayonnement plus grand de cette \u0153uvre qui parle de gens qui n&rsquo;ont pas la parole.<\/p>\n","protected":false},"excerpt":{"rendered":"<p>Le 16 f\u00e9vrier 2024 sera sign\u00e9e \u00e0 l\u2019H\u00f4tel de ville de Rennes une convention de r\u00e9trocession de l\u2019\u0153uvre d&rsquo;art Chemin<\/p>\n","protected":false},"author":1,"featured_media":128,"comment_status":"closed","ping_status":"open","sticky":false,"template":"","format":"standard","meta":{"_monsterinsights_skip_tracking":false,"_monsterinsights_sitenote_active":false,"_monsterinsights_sitenote_note":"","_monsterinsights_sitenote_category":0,"ngg_post_thumbnail":0,"footnotes":""},"categories":[6],"tags":[],"class_list":["post-13056","post","type-post","status-publish","format-standard","has-post-thumbnail","hentry","category-loeuvre-dart-chemin-de-vie","comments-off"],"yoast_head":"<!-- This site is optimized with the Yoast SEO plugin v27.5 - https:\/\/yoast.com\/product\/yoast-seo-wordpress\/ -->\n<title>Chemin de vie entre dans le patrimoine de la ville de Rennes - Le 6 Espace Rencontre et Initiatives<\/title>\n<meta name=\"robots\" content=\"index, follow, max-snippet:-1, max-image-preview:large, max-video-preview:-1\" \/>\n<link rel=\"canonical\" href=\"https:\/\/le-6-espace-rencontre-et-initiatives.fr\/index.php\/2024\/01\/12\/chemin-de-vie-entre-dans-le-patrimoine-de-la-ville-de-rennes\/\" \/>\n<meta property=\"og:locale\" content=\"fr_FR\" \/>\n<meta property=\"og:type\" content=\"article\" \/>\n<meta property=\"og:title\" content=\"Chemin de vie entre dans le patrimoine de la ville de Rennes - Le 6 Espace Rencontre et Initiatives\" \/>\n<meta property=\"og:description\" content=\"Le 16 f\u00e9vrier 2024 sera sign\u00e9e \u00e0 l\u2019H\u00f4tel de ville de Rennes une convention de r\u00e9trocession de l\u2019\u0153uvre d&rsquo;art Chemin\" \/>\n<meta property=\"og:url\" content=\"https:\/\/le-6-espace-rencontre-et-initiatives.fr\/index.php\/2024\/01\/12\/chemin-de-vie-entre-dans-le-patrimoine-de-la-ville-de-rennes\/\" \/>\n<meta property=\"og:site_name\" content=\"Le 6 Espace Rencontre et Initiatives\" \/>\n<meta property=\"article:publisher\" content=\"https:\/\/www.facebook.com\/espacerencontrele6rennes\" \/>\n<meta property=\"article:published_time\" content=\"2024-01-12T18:24:37+00:00\" \/>\n<meta property=\"article:modified_time\" content=\"2024-01-12T18:24:38+00:00\" \/>\n<meta property=\"og:image\" content=\"https:\/\/le-6-espace-rencontre-et-initiatives.fr\/wp-content\/uploads\/2021\/02\/Oeuvre-Chemin-de-vie.jpg\" \/>\n\t<meta property=\"og:image:width\" content=\"617\" \/>\n\t<meta property=\"og:image:height\" content=\"549\" \/>\n\t<meta property=\"og:image:type\" content=\"image\/jpeg\" \/>\n<meta name=\"author\" content=\"collectifs\" \/>\n<meta name=\"twitter:card\" content=\"summary_large_image\" \/>\n<meta name=\"twitter:label1\" content=\"\u00c9crit par\" \/>\n\t<meta name=\"twitter:data1\" content=\"collectifs\" \/>\n\t<meta name=\"twitter:label2\" content=\"Dur\u00e9e de lecture estim\u00e9e\" \/>\n\t<meta name=\"twitter:data2\" content=\"1 minute\" \/>\n<script type=\"application\/ld+json\" class=\"yoast-schema-graph\">{\"@context\":\"https:\\\/\\\/schema.org\",\"@graph\":[{\"@type\":\"Article\",\"@id\":\"https:\\\/\\\/le-6-espace-rencontre-et-initiatives.fr\\\/index.php\\\/2024\\\/01\\\/12\\\/chemin-de-vie-entre-dans-le-patrimoine-de-la-ville-de-rennes\\\/#article\",\"isPartOf\":{\"@id\":\"https:\\\/\\\/le-6-espace-rencontre-et-initiatives.fr\\\/index.php\\\/2024\\\/01\\\/12\\\/chemin-de-vie-entre-dans-le-patrimoine-de-la-ville-de-rennes\\\/\"},\"author\":{\"name\":\"collectifs\",\"@id\":\"https:\\\/\\\/le-6-espace-rencontre-et-initiatives.fr\\\/#\\\/schema\\\/person\\\/dbc291cd7e031ad95bd8a4fe7e73416e\"},\"headline\":\"Chemin de vie entre dans le patrimoine de la ville de Rennes\",\"datePublished\":\"2024-01-12T18:24:37+00:00\",\"dateModified\":\"2024-01-12T18:24:38+00:00\",\"mainEntityOfPage\":{\"@id\":\"https:\\\/\\\/le-6-espace-rencontre-et-initiatives.fr\\\/index.php\\\/2024\\\/01\\\/12\\\/chemin-de-vie-entre-dans-le-patrimoine-de-la-ville-de-rennes\\\/\"},\"wordCount\":163,\"publisher\":{\"@id\":\"https:\\\/\\\/le-6-espace-rencontre-et-initiatives.fr\\\/#organization\"},\"image\":{\"@id\":\"https:\\\/\\\/le-6-espace-rencontre-et-initiatives.fr\\\/index.php\\\/2024\\\/01\\\/12\\\/chemin-de-vie-entre-dans-le-patrimoine-de-la-ville-de-rennes\\\/#primaryimage\"},\"thumbnailUrl\":\"https:\\\/\\\/le-6-espace-rencontre-et-initiatives.fr\\\/wp-content\\\/uploads\\\/2021\\\/02\\\/Oeuvre-Chemin-de-vie.jpg\",\"articleSection\":[\"L'oeuvre d'art \\\"Chemin de vie\\\"\"],\"inLanguage\":\"fr-FR\"},{\"@type\":\"WebPage\",\"@id\":\"https:\\\/\\\/le-6-espace-rencontre-et-initiatives.fr\\\/index.php\\\/2024\\\/01\\\/12\\\/chemin-de-vie-entre-dans-le-patrimoine-de-la-ville-de-rennes\\\/\",\"url\":\"https:\\\/\\\/le-6-espace-rencontre-et-initiatives.fr\\\/index.php\\\/2024\\\/01\\\/12\\\/chemin-de-vie-entre-dans-le-patrimoine-de-la-ville-de-rennes\\\/\",\"name\":\"Chemin de vie entre dans le patrimoine de la ville de Rennes - Le 6 Espace Rencontre et Initiatives\",\"isPartOf\":{\"@id\":\"https:\\\/\\\/le-6-espace-rencontre-et-initiatives.fr\\\/#website\"},\"primaryImageOfPage\":{\"@id\":\"https:\\\/\\\/le-6-espace-rencontre-et-initiatives.fr\\\/index.php\\\/2024\\\/01\\\/12\\\/chemin-de-vie-entre-dans-le-patrimoine-de-la-ville-de-rennes\\\/#primaryimage\"},\"image\":{\"@id\":\"https:\\\/\\\/le-6-espace-rencontre-et-initiatives.fr\\\/index.php\\\/2024\\\/01\\\/12\\\/chemin-de-vie-entre-dans-le-patrimoine-de-la-ville-de-rennes\\\/#primaryimage\"},\"thumbnailUrl\":\"https:\\\/\\\/le-6-espace-rencontre-et-initiatives.fr\\\/wp-content\\\/uploads\\\/2021\\\/02\\\/Oeuvre-Chemin-de-vie.jpg\",\"datePublished\":\"2024-01-12T18:24:37+00:00\",\"dateModified\":\"2024-01-12T18:24:38+00:00\",\"breadcrumb\":{\"@id\":\"https:\\\/\\\/le-6-espace-rencontre-et-initiatives.fr\\\/index.php\\\/2024\\\/01\\\/12\\\/chemin-de-vie-entre-dans-le-patrimoine-de-la-ville-de-rennes\\\/#breadcrumb\"},\"inLanguage\":\"fr-FR\",\"potentialAction\":[{\"@type\":\"ReadAction\",\"target\":[\"https:\\\/\\\/le-6-espace-rencontre-et-initiatives.fr\\\/index.php\\\/2024\\\/01\\\/12\\\/chemin-de-vie-entre-dans-le-patrimoine-de-la-ville-de-rennes\\\/\"]}]},{\"@type\":\"ImageObject\",\"inLanguage\":\"fr-FR\",\"@id\":\"https:\\\/\\\/le-6-espace-rencontre-et-initiatives.fr\\\/index.php\\\/2024\\\/01\\\/12\\\/chemin-de-vie-entre-dans-le-patrimoine-de-la-ville-de-rennes\\\/#primaryimage\",\"url\":\"https:\\\/\\\/le-6-espace-rencontre-et-initiatives.fr\\\/wp-content\\\/uploads\\\/2021\\\/02\\\/Oeuvre-Chemin-de-vie.jpg\",\"contentUrl\":\"https:\\\/\\\/le-6-espace-rencontre-et-initiatives.fr\\\/wp-content\\\/uploads\\\/2021\\\/02\\\/Oeuvre-Chemin-de-vie.jpg\",\"width\":617,\"height\":549,\"caption\":\"Photo de l'oeuvre \\\"Chemin de vie\\\" en bas de la place des Lices\"},{\"@type\":\"BreadcrumbList\",\"@id\":\"https:\\\/\\\/le-6-espace-rencontre-et-initiatives.fr\\\/index.php\\\/2024\\\/01\\\/12\\\/chemin-de-vie-entre-dans-le-patrimoine-de-la-ville-de-rennes\\\/#breadcrumb\",\"itemListElement\":[{\"@type\":\"ListItem\",\"position\":1,\"name\":\"Accueil\",\"item\":\"https:\\\/\\\/le-6-espace-rencontre-et-initiatives.fr\\\/\"},{\"@type\":\"ListItem\",\"position\":2,\"name\":\"Chemin de vie entre dans le patrimoine de la ville de Rennes\"}]},{\"@type\":\"WebSite\",\"@id\":\"https:\\\/\\\/le-6-espace-rencontre-et-initiatives.fr\\\/#website\",\"url\":\"https:\\\/\\\/le-6-espace-rencontre-et-initiatives.fr\\\/\",\"name\":\"Le 6 Espace Rencontre et Initiatives\",\"description\":\"Ce site pr\u00e9sente une vue d&#039;ensemble de l&#039;histoire et des actions du &quot;6&quot; \u00e0 Rennes\",\"publisher\":{\"@id\":\"https:\\\/\\\/le-6-espace-rencontre-et-initiatives.fr\\\/#organization\"},\"potentialAction\":[{\"@type\":\"SearchAction\",\"target\":{\"@type\":\"EntryPoint\",\"urlTemplate\":\"https:\\\/\\\/le-6-espace-rencontre-et-initiatives.fr\\\/?s={search_term_string}\"},\"query-input\":{\"@type\":\"PropertyValueSpecification\",\"valueRequired\":true,\"valueName\":\"search_term_string\"}}],\"inLanguage\":\"fr-FR\"},{\"@type\":\"Organization\",\"@id\":\"https:\\\/\\\/le-6-espace-rencontre-et-initiatives.fr\\\/#organization\",\"name\":\"Les collectifs du 6\",\"url\":\"https:\\\/\\\/le-6-espace-rencontre-et-initiatives.fr\\\/\",\"logo\":{\"@type\":\"ImageObject\",\"inLanguage\":\"fr-FR\",\"@id\":\"https:\\\/\\\/le-6-espace-rencontre-et-initiatives.fr\\\/#\\\/schema\\\/logo\\\/image\\\/\",\"url\":\"https:\\\/\\\/le-6-espace-rencontre-et-initiatives.fr\\\/wp-content\\\/uploads\\\/2021\\\/01\\\/Logo-Collectifs-du-6.png\",\"contentUrl\":\"https:\\\/\\\/le-6-espace-rencontre-et-initiatives.fr\\\/wp-content\\\/uploads\\\/2021\\\/01\\\/Logo-Collectifs-du-6.png\",\"width\":336,\"height\":342,\"caption\":\"Les collectifs du 6\"},\"image\":{\"@id\":\"https:\\\/\\\/le-6-espace-rencontre-et-initiatives.fr\\\/#\\\/schema\\\/logo\\\/image\\\/\"},\"sameAs\":[\"https:\\\/\\\/www.facebook.com\\\/espacerencontrele6rennes\"]},{\"@type\":\"Person\",\"@id\":\"https:\\\/\\\/le-6-espace-rencontre-et-initiatives.fr\\\/#\\\/schema\\\/person\\\/dbc291cd7e031ad95bd8a4fe7e73416e\",\"name\":\"collectifs\",\"image\":{\"@type\":\"ImageObject\",\"inLanguage\":\"fr-FR\",\"@id\":\"https:\\\/\\\/secure.gravatar.com\\\/avatar\\\/bd8ce97ffcdc8b874936274cc23aa49553482c5ebf939d440b3d0da214d87348?s=96&d=mm&r=g\",\"url\":\"https:\\\/\\\/secure.gravatar.com\\\/avatar\\\/bd8ce97ffcdc8b874936274cc23aa49553482c5ebf939d440b3d0da214d87348?s=96&d=mm&r=g\",\"contentUrl\":\"https:\\\/\\\/secure.gravatar.com\\\/avatar\\\/bd8ce97ffcdc8b874936274cc23aa49553482c5ebf939d440b3d0da214d87348?s=96&d=mm&r=g\",\"caption\":\"collectifs\"},\"sameAs\":[\"http:\\\/\\\/le-6-espace-rencontre-et-initiatives.fr\"]}]}<\/script>\n<!-- \/ Yoast SEO plugin. -->","yoast_head_json":{"title":"Chemin de vie entre dans le patrimoine de la ville de Rennes - Le 6 Espace Rencontre et Initiatives","robots":{"index":"index","follow":"follow","max-snippet":"max-snippet:-1","max-image-preview":"max-image-preview:large","max-video-preview":"max-video-preview:-1"},"canonical":"https:\/\/le-6-espace-rencontre-et-initiatives.fr\/index.php\/2024\/01\/12\/chemin-de-vie-entre-dans-le-patrimoine-de-la-ville-de-rennes\/","og_locale":"fr_FR","og_type":"article","og_title":"Chemin de vie entre dans le patrimoine de la ville de Rennes - Le 6 Espace Rencontre et Initiatives","og_description":"Le 16 f\u00e9vrier 2024 sera sign\u00e9e \u00e0 l\u2019H\u00f4tel de ville de Rennes une convention de r\u00e9trocession de l\u2019\u0153uvre d&rsquo;art Chemin","og_url":"https:\/\/le-6-espace-rencontre-et-initiatives.fr\/index.php\/2024\/01\/12\/chemin-de-vie-entre-dans-le-patrimoine-de-la-ville-de-rennes\/","og_site_name":"Le 6 Espace Rencontre et Initiatives","article_publisher":"https:\/\/www.facebook.com\/espacerencontrele6rennes","article_published_time":"2024-01-12T18:24:37+00:00","article_modified_time":"2024-01-12T18:24:38+00:00","og_image":[{"width":617,"height":549,"url":"https:\/\/le-6-espace-rencontre-et-initiatives.fr\/wp-content\/uploads\/2021\/02\/Oeuvre-Chemin-de-vie.jpg","type":"image\/jpeg"}],"author":"collectifs","twitter_card":"summary_large_image","twitter_misc":{"\u00c9crit par":"collectifs","Dur\u00e9e de lecture estim\u00e9e":"1 minute"},"schema":{"@context":"https:\/\/schema.org","@graph":[{"@type":"Article","@id":"https:\/\/le-6-espace-rencontre-et-initiatives.fr\/index.php\/2024\/01\/12\/chemin-de-vie-entre-dans-le-patrimoine-de-la-ville-de-rennes\/#article","isPartOf":{"@id":"https:\/\/le-6-espace-rencontre-et-initiatives.fr\/index.php\/2024\/01\/12\/chemin-de-vie-entre-dans-le-patrimoine-de-la-ville-de-rennes\/"},"author":{"name":"collectifs","@id":"https:\/\/le-6-espace-rencontre-et-initiatives.fr\/#\/schema\/person\/dbc291cd7e031ad95bd8a4fe7e73416e"},"headline":"Chemin de vie entre dans le patrimoine de la ville de Rennes","datePublished":"2024-01-12T18:24:37+00:00","dateModified":"2024-01-12T18:24:38+00:00","mainEntityOfPage":{"@id":"https:\/\/le-6-espace-rencontre-et-initiatives.fr\/index.php\/2024\/01\/12\/chemin-de-vie-entre-dans-le-patrimoine-de-la-ville-de-rennes\/"},"wordCount":163,"publisher":{"@id":"https:\/\/le-6-espace-rencontre-et-initiatives.fr\/#organization"},"image":{"@id":"https:\/\/le-6-espace-rencontre-et-initiatives.fr\/index.php\/2024\/01\/12\/chemin-de-vie-entre-dans-le-patrimoine-de-la-ville-de-rennes\/#primaryimage"},"thumbnailUrl":"https:\/\/le-6-espace-rencontre-et-initiatives.fr\/wp-content\/uploads\/2021\/02\/Oeuvre-Chemin-de-vie.jpg","articleSection":["L'oeuvre d'art \"Chemin de vie\""],"inLanguage":"fr-FR"},{"@type":"WebPage","@id":"https:\/\/le-6-espace-rencontre-et-initiatives.fr\/index.php\/2024\/01\/12\/chemin-de-vie-entre-dans-le-patrimoine-de-la-ville-de-rennes\/","url":"https:\/\/le-6-espace-rencontre-et-initiatives.fr\/index.php\/2024\/01\/12\/chemin-de-vie-entre-dans-le-patrimoine-de-la-ville-de-rennes\/","name":"Chemin de vie entre dans le patrimoine de la ville de Rennes - Le 6 Espace Rencontre et Initiatives","isPartOf":{"@id":"https:\/\/le-6-espace-rencontre-et-initiatives.fr\/#website"},"primaryImageOfPage":{"@id":"https:\/\/le-6-espace-rencontre-et-initiatives.fr\/index.php\/2024\/01\/12\/chemin-de-vie-entre-dans-le-patrimoine-de-la-ville-de-rennes\/#primaryimage"},"image":{"@id":"https:\/\/le-6-espace-rencontre-et-initiatives.fr\/index.php\/2024\/01\/12\/chemin-de-vie-entre-dans-le-patrimoine-de-la-ville-de-rennes\/#primaryimage"},"thumbnailUrl":"https:\/\/le-6-espace-rencontre-et-initiatives.fr\/wp-content\/uploads\/2021\/02\/Oeuvre-Chemin-de-vie.jpg","datePublished":"2024-01-12T18:24:37+00:00","dateModified":"2024-01-12T18:24:38+00:00","breadcrumb":{"@id":"https:\/\/le-6-espace-rencontre-et-initiatives.fr\/index.php\/2024\/01\/12\/chemin-de-vie-entre-dans-le-patrimoine-de-la-ville-de-rennes\/#breadcrumb"},"inLanguage":"fr-FR","potentialAction":[{"@type":"ReadAction","target":["https:\/\/le-6-espace-rencontre-et-initiatives.fr\/index.php\/2024\/01\/12\/chemin-de-vie-entre-dans-le-patrimoine-de-la-ville-de-rennes\/"]}]},{"@type":"ImageObject","inLanguage":"fr-FR","@id":"https:\/\/le-6-espace-rencontre-et-initiatives.fr\/index.php\/2024\/01\/12\/chemin-de-vie-entre-dans-le-patrimoine-de-la-ville-de-rennes\/#primaryimage","url":"https:\/\/le-6-espace-rencontre-et-initiatives.fr\/wp-content\/uploads\/2021\/02\/Oeuvre-Chemin-de-vie.jpg","contentUrl":"https:\/\/le-6-espace-rencontre-et-initiatives.fr\/wp-content\/uploads\/2021\/02\/Oeuvre-Chemin-de-vie.jpg","width":617,"height":549,"caption":"Photo de l'oeuvre \"Chemin de vie\" en bas de la place des Lices"},{"@type":"BreadcrumbList","@id":"https:\/\/le-6-espace-rencontre-et-initiatives.fr\/index.php\/2024\/01\/12\/chemin-de-vie-entre-dans-le-patrimoine-de-la-ville-de-rennes\/#breadcrumb","itemListElement":[{"@type":"ListItem","position":1,"name":"Accueil","item":"https:\/\/le-6-espace-rencontre-et-initiatives.fr\/"},{"@type":"ListItem","position":2,"name":"Chemin de vie entre dans le patrimoine de la ville de Rennes"}]},{"@type":"WebSite","@id":"https:\/\/le-6-espace-rencontre-et-initiatives.fr\/#website","url":"https:\/\/le-6-espace-rencontre-et-initiatives.fr\/","name":"Le 6 Espace Rencontre et Initiatives","description":"Ce site pr\u00e9sente une vue d&#039;ensemble de l&#039;histoire et des actions du &quot;6&quot; \u00e0 Rennes","publisher":{"@id":"https:\/\/le-6-espace-rencontre-et-initiatives.fr\/#organization"},"potentialAction":[{"@type":"SearchAction","target":{"@type":"EntryPoint","urlTemplate":"https:\/\/le-6-espace-rencontre-et-initiatives.fr\/?s={search_term_string}"},"query-input":{"@type":"PropertyValueSpecification","valueRequired":true,"valueName":"search_term_string"}}],"inLanguage":"fr-FR"},{"@type":"Organization","@id":"https:\/\/le-6-espace-rencontre-et-initiatives.fr\/#organization","name":"Les collectifs du 6","url":"https:\/\/le-6-espace-rencontre-et-initiatives.fr\/","logo":{"@type":"ImageObject","inLanguage":"fr-FR","@id":"https:\/\/le-6-espace-rencontre-et-initiatives.fr\/#\/schema\/logo\/image\/","url":"https:\/\/le-6-espace-rencontre-et-initiatives.fr\/wp-content\/uploads\/2021\/01\/Logo-Collectifs-du-6.png","contentUrl":"https:\/\/le-6-espace-rencontre-et-initiatives.fr\/wp-content\/uploads\/2021\/01\/Logo-Collectifs-du-6.png","width":336,"height":342,"caption":"Les collectifs du 6"},"image":{"@id":"https:\/\/le-6-espace-rencontre-et-initiatives.fr\/#\/schema\/logo\/image\/"},"sameAs":["https:\/\/www.facebook.com\/espacerencontrele6rennes"]},{"@type":"Person","@id":"https:\/\/le-6-espace-rencontre-et-initiatives.fr\/#\/schema\/person\/dbc291cd7e031ad95bd8a4fe7e73416e","name":"collectifs","image":{"@type":"ImageObject","inLanguage":"fr-FR","@id":"https:\/\/secure.gravatar.com\/avatar\/bd8ce97ffcdc8b874936274cc23aa49553482c5ebf939d440b3d0da214d87348?s=96&d=mm&r=g","url":"https:\/\/secure.gravatar.com\/avatar\/bd8ce97ffcdc8b874936274cc23aa49553482c5ebf939d440b3d0da214d87348?s=96&d=mm&r=g","contentUrl":"https:\/\/secure.gravatar.com\/avatar\/bd8ce97ffcdc8b874936274cc23aa49553482c5ebf939d440b3d0da214d87348?s=96&d=mm&r=g","caption":"collectifs"},"sameAs":["http:\/\/le-6-espace-rencontre-et-initiatives.fr"]}]}},"_links":{"self":[{"href":"https:\/\/le-6-espace-rencontre-et-initiatives.fr\/index.php\/wp-json\/wp\/v2\/posts\/13056","targetHints":{"allow":["GET"]}}],"collection":[{"href":"https:\/\/le-6-espace-rencontre-et-initiatives.fr\/index.php\/wp-json\/wp\/v2\/posts"}],"about":[{"href":"https:\/\/le-6-espace-rencontre-et-initiatives.fr\/index.php\/wp-json\/wp\/v2\/types\/post"}],"author":[{"embeddable":true,"href":"https:\/\/le-6-espace-rencontre-et-initiatives.fr\/index.php\/wp-json\/wp\/v2\/users\/1"}],"replies":[{"embeddable":true,"href":"https:\/\/le-6-espace-rencontre-et-initiatives.fr\/index.php\/wp-json\/wp\/v2\/comments?post=13056"}],"version-history":[{"count":1,"href":"https:\/\/le-6-espace-rencontre-et-initiatives.fr\/index.php\/wp-json\/wp\/v2\/posts\/13056\/revisions"}],"predecessor-version":[{"id":13057,"href":"https:\/\/le-6-espace-rencontre-et-initiatives.fr\/index.php\/wp-json\/wp\/v2\/posts\/13056\/revisions\/13057"}],"wp:featuredmedia":[{"embeddable":true,"href":"https:\/\/le-6-espace-rencontre-et-initiatives.fr\/index.php\/wp-json\/wp\/v2\/media\/128"}],"wp:attachment":[{"href":"https:\/\/le-6-espace-rencontre-et-initiatives.fr\/index.php\/wp-json\/wp\/v2\/media?parent=13056"}],"wp:term":[{"taxonomy":"category","embeddable":true,"href":"https:\/\/le-6-espace-rencontre-et-initiatives.fr\/index.php\/wp-json\/wp\/v2\/categories?post=13056"},{"taxonomy":"post_tag","embeddable":true,"href":"https:\/\/le-6-espace-rencontre-et-initiatives.fr\/index.php\/wp-json\/wp\/v2\/tags?post=13056"}],"curies":[{"name":"wp","href":"https:\/\/api.w.org\/{rel}","templated":true}]}}