{"id":13052,"date":"2024-01-12T19:03:17","date_gmt":"2024-01-12T18:03:17","guid":{"rendered":"https:\/\/le-6-espace-rencontre-et-initiatives.fr\/?p=13052"},"modified":"2024-01-12T19:09:54","modified_gmt":"2024-01-12T18:09:54","slug":"creation-dun-collectif-dignite-cimetiere-a-chantepie","status":"publish","type":"post","link":"https:\/\/le-6-espace-rencontre-et-initiatives.fr\/index.php\/2024\/01\/12\/creation-dun-collectif-dignite-cimetiere-a-chantepie\/","title":{"rendered":"Cr\u00e9ation d&rsquo;un collectif Dignit\u00e9 cimeti\u00e8re \u00e0 Chantepie"},"content":{"rendered":"\n<p>Les obs\u00e8ques de trois personnes sans famille connue en EPHAD \u00e0 Chantepie sont \u00e0 l&rsquo;origine du d\u00e9marrage d&rsquo;un groupe pour accompagner les personnes non entour\u00e9es de proches.<\/p>\n\n\n\n<p>Actuellement, le groupe est compos\u00e9 de 11 personnes.<\/p>\n\n\n\n<p>Le 14 d\u00e9cembre 2023, une rencontre au CCAS de Chantepie regroupait diff\u00e9rents partenaires : le CCAS et la mairie de Chantepie, la r\u00e9sidence \u00ab\u00a0Les Ch\u00eanes\u00a0\u00bb, le groupe Dignit\u00e9 cimeti\u00e8re de Chantepie. Nous avons \u00e9chang\u00e9 sur l&rsquo;application de <a href=\"https:\/\/le-6-espace-rencontre-et-initiatives.fr\/wp-content\/uploads\/2021\/05\/charte-departementale-obseques-dignes-et-sepultures-decentes-18-oct-2018.pdf\">la charte d\u00e9partementale \u00ab\u00a0Obs\u00e8ques dignes et s\u00e9pulture d\u00e9cente\u00a0\u00bb<\/a>. sur la commune.<\/p>\n\n\n\n<p>Certains points ont particuli\u00e8rement \u00e9t\u00e9 abord\u00e9s :<\/p>\n\n\n\n<ul class=\"wp-block-list\">\n<li>La recherche d&rsquo;un lieu pour les obs\u00e8ques civiles<\/li>\n\n\n\n<li>L&rsquo;am\u00e9nagement des s\u00e9pultures<\/li>\n\n\n\n<li>La cr\u00e9ation d&rsquo;un r\u00e9seau d&rsquo;alerte pour les recherches des familles<\/li>\n\n\n\n<li>La r\u00e9daction d&rsquo;un protocole d\u00e9taillant la marche \u00e0 suivre quand quelqu&rsquo;un d\u00e9c\u00e8de et que cette personne \u00e9tait isol\u00e9e.<\/li>\n\n\n\n<li>La d\u00e9signation de r\u00e9f\u00e9rents pour faciliter l&rsquo;\u00e9change d&rsquo;informations.<\/li>\n\n\n\n<li>et bien d&rsquo;autre choses &#8230;<\/li>\n<\/ul>\n\n\n\n<p>Nous avons \u00e9galement sugg\u00e9r\u00e9 de mettre en place une parcelle de terre pour cultiver des fleurs et fleurir les tombes.<\/p>\n\n\n\n<p>Voir aussi :<\/p>\n\n\n\n<ul class=\"wp-block-list\">\n<li><a href=\"https:\/\/chantepie.fr\/blog\/2021\/08\/03\/convention-collectif-dignite-cimetiere\/\">Article de sur la signature de la convention par la ville de Chantepie le 12 juillet 2021<\/a><\/li>\n\n\n\n<li><a href=\"https:\/\/www.ouest-france.fr\/bretagne\/chantepie-35135\/une-charte-pour-offrir-des-obseques-dignes-a-tous-c3b1c985-beda-45d9-ae1b-801ac6c9bbd5\">Article de Ouest France sur cette signature<\/a><\/li>\n<\/ul>\n\n\n\n<p><\/p>\n","protected":false},"excerpt":{"rendered":"<p>Les obs\u00e8ques de trois personnes sans famille connue en EPHAD \u00e0 Chantepie sont \u00e0 l&rsquo;origine du d\u00e9marrage d&rsquo;un groupe pour<\/p>\n","protected":false},"author":1,"featured_media":356,"comment_status":"closed","ping_status":"open","sticky":false,"template":"","format":"standard","meta":{"_monsterinsights_skip_tracking":false,"_monsterinsights_sitenote_active":false,"_monsterinsights_sitenote_note":"","_monsterinsights_sitenote_category":0,"ngg_post_thumbnail":0,"footnotes":""},"categories":[3],"tags":[],"class_list":["post-13052","post","type-post","status-publish","format-standard","has-post-thumbnail","hentry","category-collectifs-dignite-cimetiere","comments-off"],"yoast_head":"<!-- This site is optimized with the Yoast SEO plugin v27.5 - https:\/\/yoast.com\/product\/yoast-seo-wordpress\/ -->\n<title>Cr\u00e9ation d&#039;un collectif Dignit\u00e9 cimeti\u00e8re \u00e0 Chantepie - Le 6 Espace Rencontre et Initiatives<\/title>\n<meta name=\"robots\" content=\"index, follow, max-snippet:-1, max-image-preview:large, max-video-preview:-1\" \/>\n<link rel=\"canonical\" href=\"https:\/\/le-6-espace-rencontre-et-initiatives.fr\/index.php\/2024\/01\/12\/creation-dun-collectif-dignite-cimetiere-a-chantepie\/\" \/>\n<meta property=\"og:locale\" content=\"fr_FR\" \/>\n<meta property=\"og:type\" content=\"article\" \/>\n<meta property=\"og:title\" content=\"Cr\u00e9ation d&#039;un collectif Dignit\u00e9 cimeti\u00e8re \u00e0 Chantepie - Le 6 Espace Rencontre et Initiatives\" \/>\n<meta property=\"og:description\" content=\"Les obs\u00e8ques de trois personnes sans famille connue en EPHAD \u00e0 Chantepie sont \u00e0 l&rsquo;origine du d\u00e9marrage d&rsquo;un groupe pour\" \/>\n<meta property=\"og:url\" content=\"https:\/\/le-6-espace-rencontre-et-initiatives.fr\/index.php\/2024\/01\/12\/creation-dun-collectif-dignite-cimetiere-a-chantepie\/\" \/>\n<meta property=\"og:site_name\" content=\"Le 6 Espace Rencontre et Initiatives\" \/>\n<meta property=\"article:publisher\" content=\"https:\/\/www.facebook.com\/espacerencontrele6rennes\" \/>\n<meta property=\"article:published_time\" content=\"2024-01-12T18:03:17+00:00\" \/>\n<meta property=\"article:modified_time\" content=\"2024-01-12T18:09:54+00:00\" \/>\n<meta property=\"og:image\" content=\"https:\/\/le-6-espace-rencontre-et-initiatives.fr\/wp-content\/uploads\/2021\/04\/IMGP4167.jpg\" \/>\n\t<meta property=\"og:image:width\" content=\"1536\" \/>\n\t<meta property=\"og:image:height\" content=\"1024\" \/>\n\t<meta property=\"og:image:type\" content=\"image\/jpeg\" \/>\n<meta name=\"author\" content=\"collectifs\" \/>\n<meta name=\"twitter:card\" content=\"summary_large_image\" \/>\n<meta name=\"twitter:label1\" content=\"\u00c9crit par\" \/>\n\t<meta name=\"twitter:data1\" content=\"collectifs\" \/>\n\t<meta name=\"twitter:label2\" content=\"Dur\u00e9e de lecture estim\u00e9e\" \/>\n\t<meta name=\"twitter:data2\" content=\"2 minutes\" \/>\n<script type=\"application\/ld+json\" class=\"yoast-schema-graph\">{\"@context\":\"https:\\\/\\\/schema.org\",\"@graph\":[{\"@type\":\"Article\",\"@id\":\"https:\\\/\\\/le-6-espace-rencontre-et-initiatives.fr\\\/index.php\\\/2024\\\/01\\\/12\\\/creation-dun-collectif-dignite-cimetiere-a-chantepie\\\/#article\",\"isPartOf\":{\"@id\":\"https:\\\/\\\/le-6-espace-rencontre-et-initiatives.fr\\\/index.php\\\/2024\\\/01\\\/12\\\/creation-dun-collectif-dignite-cimetiere-a-chantepie\\\/\"},\"author\":{\"name\":\"collectifs\",\"@id\":\"https:\\\/\\\/le-6-espace-rencontre-et-initiatives.fr\\\/#\\\/schema\\\/person\\\/dbc291cd7e031ad95bd8a4fe7e73416e\"},\"headline\":\"Cr\u00e9ation d&rsquo;un collectif Dignit\u00e9 cimeti\u00e8re \u00e0 Chantepie\",\"datePublished\":\"2024-01-12T18:03:17+00:00\",\"dateModified\":\"2024-01-12T18:09:54+00:00\",\"mainEntityOfPage\":{\"@id\":\"https:\\\/\\\/le-6-espace-rencontre-et-initiatives.fr\\\/index.php\\\/2024\\\/01\\\/12\\\/creation-dun-collectif-dignite-cimetiere-a-chantepie\\\/\"},\"wordCount\":226,\"publisher\":{\"@id\":\"https:\\\/\\\/le-6-espace-rencontre-et-initiatives.fr\\\/#organization\"},\"image\":{\"@id\":\"https:\\\/\\\/le-6-espace-rencontre-et-initiatives.fr\\\/index.php\\\/2024\\\/01\\\/12\\\/creation-dun-collectif-dignite-cimetiere-a-chantepie\\\/#primaryimage\"},\"thumbnailUrl\":\"https:\\\/\\\/le-6-espace-rencontre-et-initiatives.fr\\\/wp-content\\\/uploads\\\/2021\\\/04\\\/IMGP4167.jpg\",\"articleSection\":[\"Collectifs Dignit\u00e9 Cimeti\u00e8re\"],\"inLanguage\":\"fr-FR\"},{\"@type\":\"WebPage\",\"@id\":\"https:\\\/\\\/le-6-espace-rencontre-et-initiatives.fr\\\/index.php\\\/2024\\\/01\\\/12\\\/creation-dun-collectif-dignite-cimetiere-a-chantepie\\\/\",\"url\":\"https:\\\/\\\/le-6-espace-rencontre-et-initiatives.fr\\\/index.php\\\/2024\\\/01\\\/12\\\/creation-dun-collectif-dignite-cimetiere-a-chantepie\\\/\",\"name\":\"Cr\u00e9ation d'un collectif Dignit\u00e9 cimeti\u00e8re \u00e0 Chantepie - Le 6 Espace Rencontre et Initiatives\",\"isPartOf\":{\"@id\":\"https:\\\/\\\/le-6-espace-rencontre-et-initiatives.fr\\\/#website\"},\"primaryImageOfPage\":{\"@id\":\"https:\\\/\\\/le-6-espace-rencontre-et-initiatives.fr\\\/index.php\\\/2024\\\/01\\\/12\\\/creation-dun-collectif-dignite-cimetiere-a-chantepie\\\/#primaryimage\"},\"image\":{\"@id\":\"https:\\\/\\\/le-6-espace-rencontre-et-initiatives.fr\\\/index.php\\\/2024\\\/01\\\/12\\\/creation-dun-collectif-dignite-cimetiere-a-chantepie\\\/#primaryimage\"},\"thumbnailUrl\":\"https:\\\/\\\/le-6-espace-rencontre-et-initiatives.fr\\\/wp-content\\\/uploads\\\/2021\\\/04\\\/IMGP4167.jpg\",\"datePublished\":\"2024-01-12T18:03:17+00:00\",\"dateModified\":\"2024-01-12T18:09:54+00:00\",\"breadcrumb\":{\"@id\":\"https:\\\/\\\/le-6-espace-rencontre-et-initiatives.fr\\\/index.php\\\/2024\\\/01\\\/12\\\/creation-dun-collectif-dignite-cimetiere-a-chantepie\\\/#breadcrumb\"},\"inLanguage\":\"fr-FR\",\"potentialAction\":[{\"@type\":\"ReadAction\",\"target\":[\"https:\\\/\\\/le-6-espace-rencontre-et-initiatives.fr\\\/index.php\\\/2024\\\/01\\\/12\\\/creation-dun-collectif-dignite-cimetiere-a-chantepie\\\/\"]}]},{\"@type\":\"ImageObject\",\"inLanguage\":\"fr-FR\",\"@id\":\"https:\\\/\\\/le-6-espace-rencontre-et-initiatives.fr\\\/index.php\\\/2024\\\/01\\\/12\\\/creation-dun-collectif-dignite-cimetiere-a-chantepie\\\/#primaryimage\",\"url\":\"https:\\\/\\\/le-6-espace-rencontre-et-initiatives.fr\\\/wp-content\\\/uploads\\\/2021\\\/04\\\/IMGP4167.jpg\",\"contentUrl\":\"https:\\\/\\\/le-6-espace-rencontre-et-initiatives.fr\\\/wp-content\\\/uploads\\\/2021\\\/04\\\/IMGP4167.jpg\",\"width\":1536,\"height\":1024},{\"@type\":\"BreadcrumbList\",\"@id\":\"https:\\\/\\\/le-6-espace-rencontre-et-initiatives.fr\\\/index.php\\\/2024\\\/01\\\/12\\\/creation-dun-collectif-dignite-cimetiere-a-chantepie\\\/#breadcrumb\",\"itemListElement\":[{\"@type\":\"ListItem\",\"position\":1,\"name\":\"Accueil\",\"item\":\"https:\\\/\\\/le-6-espace-rencontre-et-initiatives.fr\\\/\"},{\"@type\":\"ListItem\",\"position\":2,\"name\":\"Cr\u00e9ation d&rsquo;un collectif Dignit\u00e9 cimeti\u00e8re \u00e0 Chantepie\"}]},{\"@type\":\"WebSite\",\"@id\":\"https:\\\/\\\/le-6-espace-rencontre-et-initiatives.fr\\\/#website\",\"url\":\"https:\\\/\\\/le-6-espace-rencontre-et-initiatives.fr\\\/\",\"name\":\"Le 6 Espace Rencontre et Initiatives\",\"description\":\"Ce site pr\u00e9sente une vue d&#039;ensemble de l&#039;histoire et des actions du &quot;6&quot; \u00e0 Rennes\",\"publisher\":{\"@id\":\"https:\\\/\\\/le-6-espace-rencontre-et-initiatives.fr\\\/#organization\"},\"potentialAction\":[{\"@type\":\"SearchAction\",\"target\":{\"@type\":\"EntryPoint\",\"urlTemplate\":\"https:\\\/\\\/le-6-espace-rencontre-et-initiatives.fr\\\/?s={search_term_string}\"},\"query-input\":{\"@type\":\"PropertyValueSpecification\",\"valueRequired\":true,\"valueName\":\"search_term_string\"}}],\"inLanguage\":\"fr-FR\"},{\"@type\":\"Organization\",\"@id\":\"https:\\\/\\\/le-6-espace-rencontre-et-initiatives.fr\\\/#organization\",\"name\":\"Les collectifs du 6\",\"url\":\"https:\\\/\\\/le-6-espace-rencontre-et-initiatives.fr\\\/\",\"logo\":{\"@type\":\"ImageObject\",\"inLanguage\":\"fr-FR\",\"@id\":\"https:\\\/\\\/le-6-espace-rencontre-et-initiatives.fr\\\/#\\\/schema\\\/logo\\\/image\\\/\",\"url\":\"https:\\\/\\\/le-6-espace-rencontre-et-initiatives.fr\\\/wp-content\\\/uploads\\\/2021\\\/01\\\/Logo-Collectifs-du-6.png\",\"contentUrl\":\"https:\\\/\\\/le-6-espace-rencontre-et-initiatives.fr\\\/wp-content\\\/uploads\\\/2021\\\/01\\\/Logo-Collectifs-du-6.png\",\"width\":336,\"height\":342,\"caption\":\"Les collectifs du 6\"},\"image\":{\"@id\":\"https:\\\/\\\/le-6-espace-rencontre-et-initiatives.fr\\\/#\\\/schema\\\/logo\\\/image\\\/\"},\"sameAs\":[\"https:\\\/\\\/www.facebook.com\\\/espacerencontrele6rennes\"]},{\"@type\":\"Person\",\"@id\":\"https:\\\/\\\/le-6-espace-rencontre-et-initiatives.fr\\\/#\\\/schema\\\/person\\\/dbc291cd7e031ad95bd8a4fe7e73416e\",\"name\":\"collectifs\",\"image\":{\"@type\":\"ImageObject\",\"inLanguage\":\"fr-FR\",\"@id\":\"https:\\\/\\\/secure.gravatar.com\\\/avatar\\\/bd8ce97ffcdc8b874936274cc23aa49553482c5ebf939d440b3d0da214d87348?s=96&d=mm&r=g\",\"url\":\"https:\\\/\\\/secure.gravatar.com\\\/avatar\\\/bd8ce97ffcdc8b874936274cc23aa49553482c5ebf939d440b3d0da214d87348?s=96&d=mm&r=g\",\"contentUrl\":\"https:\\\/\\\/secure.gravatar.com\\\/avatar\\\/bd8ce97ffcdc8b874936274cc23aa49553482c5ebf939d440b3d0da214d87348?s=96&d=mm&r=g\",\"caption\":\"collectifs\"},\"sameAs\":[\"http:\\\/\\\/le-6-espace-rencontre-et-initiatives.fr\"]}]}<\/script>\n<!-- \/ Yoast SEO plugin. -->","yoast_head_json":{"title":"Cr\u00e9ation d'un collectif Dignit\u00e9 cimeti\u00e8re \u00e0 Chantepie - Le 6 Espace Rencontre et Initiatives","robots":{"index":"index","follow":"follow","max-snippet":"max-snippet:-1","max-image-preview":"max-image-preview:large","max-video-preview":"max-video-preview:-1"},"canonical":"https:\/\/le-6-espace-rencontre-et-initiatives.fr\/index.php\/2024\/01\/12\/creation-dun-collectif-dignite-cimetiere-a-chantepie\/","og_locale":"fr_FR","og_type":"article","og_title":"Cr\u00e9ation d'un collectif Dignit\u00e9 cimeti\u00e8re \u00e0 Chantepie - Le 6 Espace Rencontre et Initiatives","og_description":"Les obs\u00e8ques de trois personnes sans famille connue en EPHAD \u00e0 Chantepie sont \u00e0 l&rsquo;origine du d\u00e9marrage d&rsquo;un groupe pour","og_url":"https:\/\/le-6-espace-rencontre-et-initiatives.fr\/index.php\/2024\/01\/12\/creation-dun-collectif-dignite-cimetiere-a-chantepie\/","og_site_name":"Le 6 Espace Rencontre et Initiatives","article_publisher":"https:\/\/www.facebook.com\/espacerencontrele6rennes","article_published_time":"2024-01-12T18:03:17+00:00","article_modified_time":"2024-01-12T18:09:54+00:00","og_image":[{"width":1536,"height":1024,"url":"https:\/\/le-6-espace-rencontre-et-initiatives.fr\/wp-content\/uploads\/2021\/04\/IMGP4167.jpg","type":"image\/jpeg"}],"author":"collectifs","twitter_card":"summary_large_image","twitter_misc":{"\u00c9crit par":"collectifs","Dur\u00e9e de lecture estim\u00e9e":"2 minutes"},"schema":{"@context":"https:\/\/schema.org","@graph":[{"@type":"Article","@id":"https:\/\/le-6-espace-rencontre-et-initiatives.fr\/index.php\/2024\/01\/12\/creation-dun-collectif-dignite-cimetiere-a-chantepie\/#article","isPartOf":{"@id":"https:\/\/le-6-espace-rencontre-et-initiatives.fr\/index.php\/2024\/01\/12\/creation-dun-collectif-dignite-cimetiere-a-chantepie\/"},"author":{"name":"collectifs","@id":"https:\/\/le-6-espace-rencontre-et-initiatives.fr\/#\/schema\/person\/dbc291cd7e031ad95bd8a4fe7e73416e"},"headline":"Cr\u00e9ation d&rsquo;un collectif Dignit\u00e9 cimeti\u00e8re \u00e0 Chantepie","datePublished":"2024-01-12T18:03:17+00:00","dateModified":"2024-01-12T18:09:54+00:00","mainEntityOfPage":{"@id":"https:\/\/le-6-espace-rencontre-et-initiatives.fr\/index.php\/2024\/01\/12\/creation-dun-collectif-dignite-cimetiere-a-chantepie\/"},"wordCount":226,"publisher":{"@id":"https:\/\/le-6-espace-rencontre-et-initiatives.fr\/#organization"},"image":{"@id":"https:\/\/le-6-espace-rencontre-et-initiatives.fr\/index.php\/2024\/01\/12\/creation-dun-collectif-dignite-cimetiere-a-chantepie\/#primaryimage"},"thumbnailUrl":"https:\/\/le-6-espace-rencontre-et-initiatives.fr\/wp-content\/uploads\/2021\/04\/IMGP4167.jpg","articleSection":["Collectifs Dignit\u00e9 Cimeti\u00e8re"],"inLanguage":"fr-FR"},{"@type":"WebPage","@id":"https:\/\/le-6-espace-rencontre-et-initiatives.fr\/index.php\/2024\/01\/12\/creation-dun-collectif-dignite-cimetiere-a-chantepie\/","url":"https:\/\/le-6-espace-rencontre-et-initiatives.fr\/index.php\/2024\/01\/12\/creation-dun-collectif-dignite-cimetiere-a-chantepie\/","name":"Cr\u00e9ation d'un collectif Dignit\u00e9 cimeti\u00e8re \u00e0 Chantepie - Le 6 Espace Rencontre et Initiatives","isPartOf":{"@id":"https:\/\/le-6-espace-rencontre-et-initiatives.fr\/#website"},"primaryImageOfPage":{"@id":"https:\/\/le-6-espace-rencontre-et-initiatives.fr\/index.php\/2024\/01\/12\/creation-dun-collectif-dignite-cimetiere-a-chantepie\/#primaryimage"},"image":{"@id":"https:\/\/le-6-espace-rencontre-et-initiatives.fr\/index.php\/2024\/01\/12\/creation-dun-collectif-dignite-cimetiere-a-chantepie\/#primaryimage"},"thumbnailUrl":"https:\/\/le-6-espace-rencontre-et-initiatives.fr\/wp-content\/uploads\/2021\/04\/IMGP4167.jpg","datePublished":"2024-01-12T18:03:17+00:00","dateModified":"2024-01-12T18:09:54+00:00","breadcrumb":{"@id":"https:\/\/le-6-espace-rencontre-et-initiatives.fr\/index.php\/2024\/01\/12\/creation-dun-collectif-dignite-cimetiere-a-chantepie\/#breadcrumb"},"inLanguage":"fr-FR","potentialAction":[{"@type":"ReadAction","target":["https:\/\/le-6-espace-rencontre-et-initiatives.fr\/index.php\/2024\/01\/12\/creation-dun-collectif-dignite-cimetiere-a-chantepie\/"]}]},{"@type":"ImageObject","inLanguage":"fr-FR","@id":"https:\/\/le-6-espace-rencontre-et-initiatives.fr\/index.php\/2024\/01\/12\/creation-dun-collectif-dignite-cimetiere-a-chantepie\/#primaryimage","url":"https:\/\/le-6-espace-rencontre-et-initiatives.fr\/wp-content\/uploads\/2021\/04\/IMGP4167.jpg","contentUrl":"https:\/\/le-6-espace-rencontre-et-initiatives.fr\/wp-content\/uploads\/2021\/04\/IMGP4167.jpg","width":1536,"height":1024},{"@type":"BreadcrumbList","@id":"https:\/\/le-6-espace-rencontre-et-initiatives.fr\/index.php\/2024\/01\/12\/creation-dun-collectif-dignite-cimetiere-a-chantepie\/#breadcrumb","itemListElement":[{"@type":"ListItem","position":1,"name":"Accueil","item":"https:\/\/le-6-espace-rencontre-et-initiatives.fr\/"},{"@type":"ListItem","position":2,"name":"Cr\u00e9ation d&rsquo;un collectif Dignit\u00e9 cimeti\u00e8re \u00e0 Chantepie"}]},{"@type":"WebSite","@id":"https:\/\/le-6-espace-rencontre-et-initiatives.fr\/#website","url":"https:\/\/le-6-espace-rencontre-et-initiatives.fr\/","name":"Le 6 Espace Rencontre et Initiatives","description":"Ce site pr\u00e9sente une vue d&#039;ensemble de l&#039;histoire et des actions du &quot;6&quot; \u00e0 Rennes","publisher":{"@id":"https:\/\/le-6-espace-rencontre-et-initiatives.fr\/#organization"},"potentialAction":[{"@type":"SearchAction","target":{"@type":"EntryPoint","urlTemplate":"https:\/\/le-6-espace-rencontre-et-initiatives.fr\/?s={search_term_string}"},"query-input":{"@type":"PropertyValueSpecification","valueRequired":true,"valueName":"search_term_string"}}],"inLanguage":"fr-FR"},{"@type":"Organization","@id":"https:\/\/le-6-espace-rencontre-et-initiatives.fr\/#organization","name":"Les collectifs du 6","url":"https:\/\/le-6-espace-rencontre-et-initiatives.fr\/","logo":{"@type":"ImageObject","inLanguage":"fr-FR","@id":"https:\/\/le-6-espace-rencontre-et-initiatives.fr\/#\/schema\/logo\/image\/","url":"https:\/\/le-6-espace-rencontre-et-initiatives.fr\/wp-content\/uploads\/2021\/01\/Logo-Collectifs-du-6.png","contentUrl":"https:\/\/le-6-espace-rencontre-et-initiatives.fr\/wp-content\/uploads\/2021\/01\/Logo-Collectifs-du-6.png","width":336,"height":342,"caption":"Les collectifs du 6"},"image":{"@id":"https:\/\/le-6-espace-rencontre-et-initiatives.fr\/#\/schema\/logo\/image\/"},"sameAs":["https:\/\/www.facebook.com\/espacerencontrele6rennes"]},{"@type":"Person","@id":"https:\/\/le-6-espace-rencontre-et-initiatives.fr\/#\/schema\/person\/dbc291cd7e031ad95bd8a4fe7e73416e","name":"collectifs","image":{"@type":"ImageObject","inLanguage":"fr-FR","@id":"https:\/\/secure.gravatar.com\/avatar\/bd8ce97ffcdc8b874936274cc23aa49553482c5ebf939d440b3d0da214d87348?s=96&d=mm&r=g","url":"https:\/\/secure.gravatar.com\/avatar\/bd8ce97ffcdc8b874936274cc23aa49553482c5ebf939d440b3d0da214d87348?s=96&d=mm&r=g","contentUrl":"https:\/\/secure.gravatar.com\/avatar\/bd8ce97ffcdc8b874936274cc23aa49553482c5ebf939d440b3d0da214d87348?s=96&d=mm&r=g","caption":"collectifs"},"sameAs":["http:\/\/le-6-espace-rencontre-et-initiatives.fr"]}]}},"_links":{"self":[{"href":"https:\/\/le-6-espace-rencontre-et-initiatives.fr\/index.php\/wp-json\/wp\/v2\/posts\/13052","targetHints":{"allow":["GET"]}}],"collection":[{"href":"https:\/\/le-6-espace-rencontre-et-initiatives.fr\/index.php\/wp-json\/wp\/v2\/posts"}],"about":[{"href":"https:\/\/le-6-espace-rencontre-et-initiatives.fr\/index.php\/wp-json\/wp\/v2\/types\/post"}],"author":[{"embeddable":true,"href":"https:\/\/le-6-espace-rencontre-et-initiatives.fr\/index.php\/wp-json\/wp\/v2\/users\/1"}],"replies":[{"embeddable":true,"href":"https:\/\/le-6-espace-rencontre-et-initiatives.fr\/index.php\/wp-json\/wp\/v2\/comments?post=13052"}],"version-history":[{"count":2,"href":"https:\/\/le-6-espace-rencontre-et-initiatives.fr\/index.php\/wp-json\/wp\/v2\/posts\/13052\/revisions"}],"predecessor-version":[{"id":13055,"href":"https:\/\/le-6-espace-rencontre-et-initiatives.fr\/index.php\/wp-json\/wp\/v2\/posts\/13052\/revisions\/13055"}],"wp:featuredmedia":[{"embeddable":true,"href":"https:\/\/le-6-espace-rencontre-et-initiatives.fr\/index.php\/wp-json\/wp\/v2\/media\/356"}],"wp:attachment":[{"href":"https:\/\/le-6-espace-rencontre-et-initiatives.fr\/index.php\/wp-json\/wp\/v2\/media?parent=13052"}],"wp:term":[{"taxonomy":"category","embeddable":true,"href":"https:\/\/le-6-espace-rencontre-et-initiatives.fr\/index.php\/wp-json\/wp\/v2\/categories?post=13052"},{"taxonomy":"post_tag","embeddable":true,"href":"https:\/\/le-6-espace-rencontre-et-initiatives.fr\/index.php\/wp-json\/wp\/v2\/tags?post=13052"}],"curies":[{"name":"wp","href":"https:\/\/api.w.org\/{rel}","templated":true}]}}