{"id":12939,"date":"2023-09-08T18:26:44","date_gmt":"2023-09-08T16:26:44","guid":{"rendered":"https:\/\/le-6-espace-rencontre-et-initiatives.fr\/?p=12939"},"modified":"2023-09-11T08:20:38","modified_gmt":"2023-09-11T06:20:38","slug":"hommage-de-rue-pour-ameth","status":"publish","type":"post","link":"https:\/\/le-6-espace-rencontre-et-initiatives.fr\/index.php\/2023\/09\/08\/hommage-de-rue-pour-ameth\/","title":{"rendered":"Hommage de rue pour Ameth"},"content":{"rendered":"<div class=\"wp-block-image\">\n<figure class=\"alignleft size-full is-resized\"><img loading=\"lazy\" decoding=\"async\" src=\"https:\/\/le-6-espace-rencontre-et-initiatives.fr\/wp-content\/uploads\/2023\/09\/2023-09-08-18_28_07-20230620_154307-blurred.png\" alt=\"\" class=\"wp-image-12944\" style=\"width:268px;height:356px\" width=\"268\" height=\"356\" srcset=\"https:\/\/le-6-espace-rencontre-et-initiatives.fr\/wp-content\/uploads\/2023\/09\/2023-09-08-18_28_07-20230620_154307-blurred.png 612w, https:\/\/le-6-espace-rencontre-et-initiatives.fr\/wp-content\/uploads\/2023\/09\/2023-09-08-18_28_07-20230620_154307-blurred-225x300.png 225w\" sizes=\"auto, (max-width: 268px) 100vw, 268px\" \/><\/figure>\n<\/div>\n\n\n<p>Le 20 juin 2023 a eu lieu, sur la place Charles de Gaulle, un hommage pour Ameth, d\u00e9c\u00e9d\u00e9 de mort violente au m\u00e9tro Fr\u00e9ville. Une trentaine de personnes se sont rassembl\u00e9es pour vivre cet hommage.<\/p>\n\n\n\n<p>Des copains d&rsquo;Ameth ont pr\u00e9par\u00e9 avec le collectif Dignit\u00e9 Cimeti\u00e8re et le SAMU social (Croix rouge) un temps de recueillement : le mot paix \u00e9tait \u00e9crit \u00e0 la craie sur le sol. Un message important apr\u00e8s ces \u00e9v\u00e9nements tragiques.<\/p>\n\n\n\n<p>De nombreuses personnes ont \u00e9crit au sol un petit mot d&rsquo;affection. Plusieurs expressions ont eu lieu de la part des copains d&rsquo;Ameth. Des fleurs ont aussi \u00e9t\u00e9 d\u00e9pos\u00e9es par chaque personne pr\u00e9sente et de la musique de son pays d&rsquo;origine, le S\u00e9n\u00e9gal.<\/p>\n\n\n<div class=\"wp-block-image\">\n<figure class=\"aligncenter size-large is-resized\"><img loading=\"lazy\" decoding=\"async\" src=\"https:\/\/le-6-espace-rencontre-et-initiatives.fr\/wp-content\/uploads\/2023\/09\/20230620_161049-1024x768.jpg\" alt=\"\" class=\"wp-image-12942\" style=\"width:380px;height:285px\" width=\"380\" height=\"285\" srcset=\"https:\/\/le-6-espace-rencontre-et-initiatives.fr\/wp-content\/uploads\/2023\/09\/20230620_161049-1024x768.jpg 1024w, https:\/\/le-6-espace-rencontre-et-initiatives.fr\/wp-content\/uploads\/2023\/09\/20230620_161049-300x225.jpg 300w, https:\/\/le-6-espace-rencontre-et-initiatives.fr\/wp-content\/uploads\/2023\/09\/20230620_161049-768x576.jpg 768w, https:\/\/le-6-espace-rencontre-et-initiatives.fr\/wp-content\/uploads\/2023\/09\/20230620_161049-1536x1152.jpg 1536w, https:\/\/le-6-espace-rencontre-et-initiatives.fr\/wp-content\/uploads\/2023\/09\/20230620_161049-600x450.jpg 600w, https:\/\/le-6-espace-rencontre-et-initiatives.fr\/wp-content\/uploads\/2023\/09\/20230620_161049.jpg 1632w\" sizes=\"auto, (max-width: 380px) 100vw, 380px\" \/><\/figure>\n<\/div>","protected":false},"excerpt":{"rendered":"<p>Le 20 juin 2023 a eu lieu, sur la place Charles de Gaulle, un hommage pour Ameth, d\u00e9c\u00e9d\u00e9 de mort<\/p>\n","protected":false},"author":1,"featured_media":12942,"comment_status":"closed","ping_status":"open","sticky":false,"template":"","format":"standard","meta":{"_monsterinsights_skip_tracking":false,"_monsterinsights_sitenote_active":false,"_monsterinsights_sitenote_note":"","_monsterinsights_sitenote_category":0,"ngg_post_thumbnail":0,"footnotes":""},"categories":[3],"tags":[],"class_list":["post-12939","post","type-post","status-publish","format-standard","has-post-thumbnail","hentry","category-collectifs-dignite-cimetiere","comments-off"],"yoast_head":"<!-- This site is optimized with the Yoast SEO plugin v27.5 - https:\/\/yoast.com\/product\/yoast-seo-wordpress\/ -->\n<title>Hommage de rue pour Ameth - Le 6 Espace Rencontre et Initiatives<\/title>\n<meta name=\"robots\" content=\"index, follow, max-snippet:-1, max-image-preview:large, max-video-preview:-1\" \/>\n<link rel=\"canonical\" href=\"https:\/\/le-6-espace-rencontre-et-initiatives.fr\/index.php\/2023\/09\/08\/hommage-de-rue-pour-ameth\/\" \/>\n<meta property=\"og:locale\" content=\"fr_FR\" \/>\n<meta property=\"og:type\" content=\"article\" \/>\n<meta property=\"og:title\" content=\"Hommage de rue pour Ameth - Le 6 Espace Rencontre et Initiatives\" \/>\n<meta property=\"og:description\" content=\"Le 20 juin 2023 a eu lieu, sur la place Charles de Gaulle, un hommage pour Ameth, d\u00e9c\u00e9d\u00e9 de mort\" \/>\n<meta property=\"og:url\" content=\"https:\/\/le-6-espace-rencontre-et-initiatives.fr\/index.php\/2023\/09\/08\/hommage-de-rue-pour-ameth\/\" \/>\n<meta property=\"og:site_name\" content=\"Le 6 Espace Rencontre et Initiatives\" \/>\n<meta property=\"article:publisher\" content=\"https:\/\/www.facebook.com\/espacerencontrele6rennes\" \/>\n<meta property=\"article:published_time\" content=\"2023-09-08T16:26:44+00:00\" \/>\n<meta property=\"article:modified_time\" content=\"2023-09-11T06:20:38+00:00\" \/>\n<meta property=\"og:image\" content=\"https:\/\/le-6-espace-rencontre-et-initiatives.fr\/wp-content\/uploads\/2023\/09\/20230620_161049.jpg\" \/>\n\t<meta property=\"og:image:width\" content=\"1632\" \/>\n\t<meta property=\"og:image:height\" content=\"1224\" \/>\n\t<meta property=\"og:image:type\" content=\"image\/jpeg\" \/>\n<meta name=\"author\" content=\"collectifs\" \/>\n<meta name=\"twitter:card\" content=\"summary_large_image\" \/>\n<meta name=\"twitter:label1\" content=\"\u00c9crit par\" \/>\n\t<meta name=\"twitter:data1\" content=\"collectifs\" \/>\n\t<meta name=\"twitter:label2\" content=\"Dur\u00e9e de lecture estim\u00e9e\" \/>\n\t<meta name=\"twitter:data2\" content=\"1 minute\" \/>\n<script type=\"application\/ld+json\" class=\"yoast-schema-graph\">{\"@context\":\"https:\\\/\\\/schema.org\",\"@graph\":[{\"@type\":\"Article\",\"@id\":\"https:\\\/\\\/le-6-espace-rencontre-et-initiatives.fr\\\/index.php\\\/2023\\\/09\\\/08\\\/hommage-de-rue-pour-ameth\\\/#article\",\"isPartOf\":{\"@id\":\"https:\\\/\\\/le-6-espace-rencontre-et-initiatives.fr\\\/index.php\\\/2023\\\/09\\\/08\\\/hommage-de-rue-pour-ameth\\\/\"},\"author\":{\"name\":\"collectifs\",\"@id\":\"https:\\\/\\\/le-6-espace-rencontre-et-initiatives.fr\\\/#\\\/schema\\\/person\\\/dbc291cd7e031ad95bd8a4fe7e73416e\"},\"headline\":\"Hommage de rue pour Ameth\",\"datePublished\":\"2023-09-08T16:26:44+00:00\",\"dateModified\":\"2023-09-11T06:20:38+00:00\",\"mainEntityOfPage\":{\"@id\":\"https:\\\/\\\/le-6-espace-rencontre-et-initiatives.fr\\\/index.php\\\/2023\\\/09\\\/08\\\/hommage-de-rue-pour-ameth\\\/\"},\"wordCount\":135,\"publisher\":{\"@id\":\"https:\\\/\\\/le-6-espace-rencontre-et-initiatives.fr\\\/#organization\"},\"image\":{\"@id\":\"https:\\\/\\\/le-6-espace-rencontre-et-initiatives.fr\\\/index.php\\\/2023\\\/09\\\/08\\\/hommage-de-rue-pour-ameth\\\/#primaryimage\"},\"thumbnailUrl\":\"https:\\\/\\\/le-6-espace-rencontre-et-initiatives.fr\\\/wp-content\\\/uploads\\\/2023\\\/09\\\/20230620_161049.jpg\",\"articleSection\":[\"Collectifs Dignit\u00e9 Cimeti\u00e8re\"],\"inLanguage\":\"fr-FR\"},{\"@type\":\"WebPage\",\"@id\":\"https:\\\/\\\/le-6-espace-rencontre-et-initiatives.fr\\\/index.php\\\/2023\\\/09\\\/08\\\/hommage-de-rue-pour-ameth\\\/\",\"url\":\"https:\\\/\\\/le-6-espace-rencontre-et-initiatives.fr\\\/index.php\\\/2023\\\/09\\\/08\\\/hommage-de-rue-pour-ameth\\\/\",\"name\":\"Hommage de rue pour Ameth - Le 6 Espace Rencontre et Initiatives\",\"isPartOf\":{\"@id\":\"https:\\\/\\\/le-6-espace-rencontre-et-initiatives.fr\\\/#website\"},\"primaryImageOfPage\":{\"@id\":\"https:\\\/\\\/le-6-espace-rencontre-et-initiatives.fr\\\/index.php\\\/2023\\\/09\\\/08\\\/hommage-de-rue-pour-ameth\\\/#primaryimage\"},\"image\":{\"@id\":\"https:\\\/\\\/le-6-espace-rencontre-et-initiatives.fr\\\/index.php\\\/2023\\\/09\\\/08\\\/hommage-de-rue-pour-ameth\\\/#primaryimage\"},\"thumbnailUrl\":\"https:\\\/\\\/le-6-espace-rencontre-et-initiatives.fr\\\/wp-content\\\/uploads\\\/2023\\\/09\\\/20230620_161049.jpg\",\"datePublished\":\"2023-09-08T16:26:44+00:00\",\"dateModified\":\"2023-09-11T06:20:38+00:00\",\"breadcrumb\":{\"@id\":\"https:\\\/\\\/le-6-espace-rencontre-et-initiatives.fr\\\/index.php\\\/2023\\\/09\\\/08\\\/hommage-de-rue-pour-ameth\\\/#breadcrumb\"},\"inLanguage\":\"fr-FR\",\"potentialAction\":[{\"@type\":\"ReadAction\",\"target\":[\"https:\\\/\\\/le-6-espace-rencontre-et-initiatives.fr\\\/index.php\\\/2023\\\/09\\\/08\\\/hommage-de-rue-pour-ameth\\\/\"]}]},{\"@type\":\"ImageObject\",\"inLanguage\":\"fr-FR\",\"@id\":\"https:\\\/\\\/le-6-espace-rencontre-et-initiatives.fr\\\/index.php\\\/2023\\\/09\\\/08\\\/hommage-de-rue-pour-ameth\\\/#primaryimage\",\"url\":\"https:\\\/\\\/le-6-espace-rencontre-et-initiatives.fr\\\/wp-content\\\/uploads\\\/2023\\\/09\\\/20230620_161049.jpg\",\"contentUrl\":\"https:\\\/\\\/le-6-espace-rencontre-et-initiatives.fr\\\/wp-content\\\/uploads\\\/2023\\\/09\\\/20230620_161049.jpg\",\"width\":1632,\"height\":1224},{\"@type\":\"BreadcrumbList\",\"@id\":\"https:\\\/\\\/le-6-espace-rencontre-et-initiatives.fr\\\/index.php\\\/2023\\\/09\\\/08\\\/hommage-de-rue-pour-ameth\\\/#breadcrumb\",\"itemListElement\":[{\"@type\":\"ListItem\",\"position\":1,\"name\":\"Accueil\",\"item\":\"https:\\\/\\\/le-6-espace-rencontre-et-initiatives.fr\\\/\"},{\"@type\":\"ListItem\",\"position\":2,\"name\":\"Hommage de rue pour Ameth\"}]},{\"@type\":\"WebSite\",\"@id\":\"https:\\\/\\\/le-6-espace-rencontre-et-initiatives.fr\\\/#website\",\"url\":\"https:\\\/\\\/le-6-espace-rencontre-et-initiatives.fr\\\/\",\"name\":\"Le 6 Espace Rencontre et Initiatives\",\"description\":\"Ce site pr\u00e9sente une vue d&#039;ensemble de l&#039;histoire et des actions du &quot;6&quot; \u00e0 Rennes\",\"publisher\":{\"@id\":\"https:\\\/\\\/le-6-espace-rencontre-et-initiatives.fr\\\/#organization\"},\"potentialAction\":[{\"@type\":\"SearchAction\",\"target\":{\"@type\":\"EntryPoint\",\"urlTemplate\":\"https:\\\/\\\/le-6-espace-rencontre-et-initiatives.fr\\\/?s={search_term_string}\"},\"query-input\":{\"@type\":\"PropertyValueSpecification\",\"valueRequired\":true,\"valueName\":\"search_term_string\"}}],\"inLanguage\":\"fr-FR\"},{\"@type\":\"Organization\",\"@id\":\"https:\\\/\\\/le-6-espace-rencontre-et-initiatives.fr\\\/#organization\",\"name\":\"Les collectifs du 6\",\"url\":\"https:\\\/\\\/le-6-espace-rencontre-et-initiatives.fr\\\/\",\"logo\":{\"@type\":\"ImageObject\",\"inLanguage\":\"fr-FR\",\"@id\":\"https:\\\/\\\/le-6-espace-rencontre-et-initiatives.fr\\\/#\\\/schema\\\/logo\\\/image\\\/\",\"url\":\"https:\\\/\\\/le-6-espace-rencontre-et-initiatives.fr\\\/wp-content\\\/uploads\\\/2021\\\/01\\\/Logo-Collectifs-du-6.png\",\"contentUrl\":\"https:\\\/\\\/le-6-espace-rencontre-et-initiatives.fr\\\/wp-content\\\/uploads\\\/2021\\\/01\\\/Logo-Collectifs-du-6.png\",\"width\":336,\"height\":342,\"caption\":\"Les collectifs du 6\"},\"image\":{\"@id\":\"https:\\\/\\\/le-6-espace-rencontre-et-initiatives.fr\\\/#\\\/schema\\\/logo\\\/image\\\/\"},\"sameAs\":[\"https:\\\/\\\/www.facebook.com\\\/espacerencontrele6rennes\"]},{\"@type\":\"Person\",\"@id\":\"https:\\\/\\\/le-6-espace-rencontre-et-initiatives.fr\\\/#\\\/schema\\\/person\\\/dbc291cd7e031ad95bd8a4fe7e73416e\",\"name\":\"collectifs\",\"image\":{\"@type\":\"ImageObject\",\"inLanguage\":\"fr-FR\",\"@id\":\"https:\\\/\\\/secure.gravatar.com\\\/avatar\\\/bd8ce97ffcdc8b874936274cc23aa49553482c5ebf939d440b3d0da214d87348?s=96&d=mm&r=g\",\"url\":\"https:\\\/\\\/secure.gravatar.com\\\/avatar\\\/bd8ce97ffcdc8b874936274cc23aa49553482c5ebf939d440b3d0da214d87348?s=96&d=mm&r=g\",\"contentUrl\":\"https:\\\/\\\/secure.gravatar.com\\\/avatar\\\/bd8ce97ffcdc8b874936274cc23aa49553482c5ebf939d440b3d0da214d87348?s=96&d=mm&r=g\",\"caption\":\"collectifs\"},\"sameAs\":[\"http:\\\/\\\/le-6-espace-rencontre-et-initiatives.fr\"]}]}<\/script>\n<!-- \/ Yoast SEO plugin. -->","yoast_head_json":{"title":"Hommage de rue pour Ameth - Le 6 Espace Rencontre et Initiatives","robots":{"index":"index","follow":"follow","max-snippet":"max-snippet:-1","max-image-preview":"max-image-preview:large","max-video-preview":"max-video-preview:-1"},"canonical":"https:\/\/le-6-espace-rencontre-et-initiatives.fr\/index.php\/2023\/09\/08\/hommage-de-rue-pour-ameth\/","og_locale":"fr_FR","og_type":"article","og_title":"Hommage de rue pour Ameth - Le 6 Espace Rencontre et Initiatives","og_description":"Le 20 juin 2023 a eu lieu, sur la place Charles de Gaulle, un hommage pour Ameth, d\u00e9c\u00e9d\u00e9 de mort","og_url":"https:\/\/le-6-espace-rencontre-et-initiatives.fr\/index.php\/2023\/09\/08\/hommage-de-rue-pour-ameth\/","og_site_name":"Le 6 Espace Rencontre et Initiatives","article_publisher":"https:\/\/www.facebook.com\/espacerencontrele6rennes","article_published_time":"2023-09-08T16:26:44+00:00","article_modified_time":"2023-09-11T06:20:38+00:00","og_image":[{"width":1632,"height":1224,"url":"https:\/\/le-6-espace-rencontre-et-initiatives.fr\/wp-content\/uploads\/2023\/09\/20230620_161049.jpg","type":"image\/jpeg"}],"author":"collectifs","twitter_card":"summary_large_image","twitter_misc":{"\u00c9crit par":"collectifs","Dur\u00e9e de lecture estim\u00e9e":"1 minute"},"schema":{"@context":"https:\/\/schema.org","@graph":[{"@type":"Article","@id":"https:\/\/le-6-espace-rencontre-et-initiatives.fr\/index.php\/2023\/09\/08\/hommage-de-rue-pour-ameth\/#article","isPartOf":{"@id":"https:\/\/le-6-espace-rencontre-et-initiatives.fr\/index.php\/2023\/09\/08\/hommage-de-rue-pour-ameth\/"},"author":{"name":"collectifs","@id":"https:\/\/le-6-espace-rencontre-et-initiatives.fr\/#\/schema\/person\/dbc291cd7e031ad95bd8a4fe7e73416e"},"headline":"Hommage de rue pour Ameth","datePublished":"2023-09-08T16:26:44+00:00","dateModified":"2023-09-11T06:20:38+00:00","mainEntityOfPage":{"@id":"https:\/\/le-6-espace-rencontre-et-initiatives.fr\/index.php\/2023\/09\/08\/hommage-de-rue-pour-ameth\/"},"wordCount":135,"publisher":{"@id":"https:\/\/le-6-espace-rencontre-et-initiatives.fr\/#organization"},"image":{"@id":"https:\/\/le-6-espace-rencontre-et-initiatives.fr\/index.php\/2023\/09\/08\/hommage-de-rue-pour-ameth\/#primaryimage"},"thumbnailUrl":"https:\/\/le-6-espace-rencontre-et-initiatives.fr\/wp-content\/uploads\/2023\/09\/20230620_161049.jpg","articleSection":["Collectifs Dignit\u00e9 Cimeti\u00e8re"],"inLanguage":"fr-FR"},{"@type":"WebPage","@id":"https:\/\/le-6-espace-rencontre-et-initiatives.fr\/index.php\/2023\/09\/08\/hommage-de-rue-pour-ameth\/","url":"https:\/\/le-6-espace-rencontre-et-initiatives.fr\/index.php\/2023\/09\/08\/hommage-de-rue-pour-ameth\/","name":"Hommage de rue pour Ameth - Le 6 Espace Rencontre et Initiatives","isPartOf":{"@id":"https:\/\/le-6-espace-rencontre-et-initiatives.fr\/#website"},"primaryImageOfPage":{"@id":"https:\/\/le-6-espace-rencontre-et-initiatives.fr\/index.php\/2023\/09\/08\/hommage-de-rue-pour-ameth\/#primaryimage"},"image":{"@id":"https:\/\/le-6-espace-rencontre-et-initiatives.fr\/index.php\/2023\/09\/08\/hommage-de-rue-pour-ameth\/#primaryimage"},"thumbnailUrl":"https:\/\/le-6-espace-rencontre-et-initiatives.fr\/wp-content\/uploads\/2023\/09\/20230620_161049.jpg","datePublished":"2023-09-08T16:26:44+00:00","dateModified":"2023-09-11T06:20:38+00:00","breadcrumb":{"@id":"https:\/\/le-6-espace-rencontre-et-initiatives.fr\/index.php\/2023\/09\/08\/hommage-de-rue-pour-ameth\/#breadcrumb"},"inLanguage":"fr-FR","potentialAction":[{"@type":"ReadAction","target":["https:\/\/le-6-espace-rencontre-et-initiatives.fr\/index.php\/2023\/09\/08\/hommage-de-rue-pour-ameth\/"]}]},{"@type":"ImageObject","inLanguage":"fr-FR","@id":"https:\/\/le-6-espace-rencontre-et-initiatives.fr\/index.php\/2023\/09\/08\/hommage-de-rue-pour-ameth\/#primaryimage","url":"https:\/\/le-6-espace-rencontre-et-initiatives.fr\/wp-content\/uploads\/2023\/09\/20230620_161049.jpg","contentUrl":"https:\/\/le-6-espace-rencontre-et-initiatives.fr\/wp-content\/uploads\/2023\/09\/20230620_161049.jpg","width":1632,"height":1224},{"@type":"BreadcrumbList","@id":"https:\/\/le-6-espace-rencontre-et-initiatives.fr\/index.php\/2023\/09\/08\/hommage-de-rue-pour-ameth\/#breadcrumb","itemListElement":[{"@type":"ListItem","position":1,"name":"Accueil","item":"https:\/\/le-6-espace-rencontre-et-initiatives.fr\/"},{"@type":"ListItem","position":2,"name":"Hommage de rue pour Ameth"}]},{"@type":"WebSite","@id":"https:\/\/le-6-espace-rencontre-et-initiatives.fr\/#website","url":"https:\/\/le-6-espace-rencontre-et-initiatives.fr\/","name":"Le 6 Espace Rencontre et Initiatives","description":"Ce site pr\u00e9sente une vue d&#039;ensemble de l&#039;histoire et des actions du &quot;6&quot; \u00e0 Rennes","publisher":{"@id":"https:\/\/le-6-espace-rencontre-et-initiatives.fr\/#organization"},"potentialAction":[{"@type":"SearchAction","target":{"@type":"EntryPoint","urlTemplate":"https:\/\/le-6-espace-rencontre-et-initiatives.fr\/?s={search_term_string}"},"query-input":{"@type":"PropertyValueSpecification","valueRequired":true,"valueName":"search_term_string"}}],"inLanguage":"fr-FR"},{"@type":"Organization","@id":"https:\/\/le-6-espace-rencontre-et-initiatives.fr\/#organization","name":"Les collectifs du 6","url":"https:\/\/le-6-espace-rencontre-et-initiatives.fr\/","logo":{"@type":"ImageObject","inLanguage":"fr-FR","@id":"https:\/\/le-6-espace-rencontre-et-initiatives.fr\/#\/schema\/logo\/image\/","url":"https:\/\/le-6-espace-rencontre-et-initiatives.fr\/wp-content\/uploads\/2021\/01\/Logo-Collectifs-du-6.png","contentUrl":"https:\/\/le-6-espace-rencontre-et-initiatives.fr\/wp-content\/uploads\/2021\/01\/Logo-Collectifs-du-6.png","width":336,"height":342,"caption":"Les collectifs du 6"},"image":{"@id":"https:\/\/le-6-espace-rencontre-et-initiatives.fr\/#\/schema\/logo\/image\/"},"sameAs":["https:\/\/www.facebook.com\/espacerencontrele6rennes"]},{"@type":"Person","@id":"https:\/\/le-6-espace-rencontre-et-initiatives.fr\/#\/schema\/person\/dbc291cd7e031ad95bd8a4fe7e73416e","name":"collectifs","image":{"@type":"ImageObject","inLanguage":"fr-FR","@id":"https:\/\/secure.gravatar.com\/avatar\/bd8ce97ffcdc8b874936274cc23aa49553482c5ebf939d440b3d0da214d87348?s=96&d=mm&r=g","url":"https:\/\/secure.gravatar.com\/avatar\/bd8ce97ffcdc8b874936274cc23aa49553482c5ebf939d440b3d0da214d87348?s=96&d=mm&r=g","contentUrl":"https:\/\/secure.gravatar.com\/avatar\/bd8ce97ffcdc8b874936274cc23aa49553482c5ebf939d440b3d0da214d87348?s=96&d=mm&r=g","caption":"collectifs"},"sameAs":["http:\/\/le-6-espace-rencontre-et-initiatives.fr"]}]}},"_links":{"self":[{"href":"https:\/\/le-6-espace-rencontre-et-initiatives.fr\/index.php\/wp-json\/wp\/v2\/posts\/12939","targetHints":{"allow":["GET"]}}],"collection":[{"href":"https:\/\/le-6-espace-rencontre-et-initiatives.fr\/index.php\/wp-json\/wp\/v2\/posts"}],"about":[{"href":"https:\/\/le-6-espace-rencontre-et-initiatives.fr\/index.php\/wp-json\/wp\/v2\/types\/post"}],"author":[{"embeddable":true,"href":"https:\/\/le-6-espace-rencontre-et-initiatives.fr\/index.php\/wp-json\/wp\/v2\/users\/1"}],"replies":[{"embeddable":true,"href":"https:\/\/le-6-espace-rencontre-et-initiatives.fr\/index.php\/wp-json\/wp\/v2\/comments?post=12939"}],"version-history":[{"count":3,"href":"https:\/\/le-6-espace-rencontre-et-initiatives.fr\/index.php\/wp-json\/wp\/v2\/posts\/12939\/revisions"}],"predecessor-version":[{"id":12945,"href":"https:\/\/le-6-espace-rencontre-et-initiatives.fr\/index.php\/wp-json\/wp\/v2\/posts\/12939\/revisions\/12945"}],"wp:featuredmedia":[{"embeddable":true,"href":"https:\/\/le-6-espace-rencontre-et-initiatives.fr\/index.php\/wp-json\/wp\/v2\/media\/12942"}],"wp:attachment":[{"href":"https:\/\/le-6-espace-rencontre-et-initiatives.fr\/index.php\/wp-json\/wp\/v2\/media?parent=12939"}],"wp:term":[{"taxonomy":"category","embeddable":true,"href":"https:\/\/le-6-espace-rencontre-et-initiatives.fr\/index.php\/wp-json\/wp\/v2\/categories?post=12939"},{"taxonomy":"post_tag","embeddable":true,"href":"https:\/\/le-6-espace-rencontre-et-initiatives.fr\/index.php\/wp-json\/wp\/v2\/tags?post=12939"}],"curies":[{"name":"wp","href":"https:\/\/api.w.org\/{rel}","templated":true}]}}