{"id":12922,"date":"2023-05-26T19:15:48","date_gmt":"2023-05-26T17:15:48","guid":{"rendered":"https:\/\/le-6-espace-rencontre-et-initiatives.fr\/?p=12922"},"modified":"2023-05-26T19:20:16","modified_gmt":"2023-05-26T17:20:16","slug":"naissance-dune-sculpture","status":"publish","type":"post","link":"https:\/\/le-6-espace-rencontre-et-initiatives.fr\/index.php\/2023\/05\/26\/naissance-dune-sculpture\/","title":{"rendered":"Naissance d&rsquo;une sculpture"},"content":{"rendered":"<div class=\"wp-block-image\">\n<figure class=\"alignleft size-large is-resized\"><img loading=\"lazy\" decoding=\"async\" src=\"https:\/\/le-6-espace-rencontre-et-initiatives.fr\/wp-content\/uploads\/2023\/05\/IMG_0877-768x1024.jpg\" alt=\"\" class=\"wp-image-12924\" width=\"278\" height=\"371\" srcset=\"https:\/\/le-6-espace-rencontre-et-initiatives.fr\/wp-content\/uploads\/2023\/05\/IMG_0877-768x1024.jpg 768w, https:\/\/le-6-espace-rencontre-et-initiatives.fr\/wp-content\/uploads\/2023\/05\/IMG_0877-225x300.jpg 225w, https:\/\/le-6-espace-rencontre-et-initiatives.fr\/wp-content\/uploads\/2023\/05\/IMG_0877-1152x1536.jpg 1152w, https:\/\/le-6-espace-rencontre-et-initiatives.fr\/wp-content\/uploads\/2023\/05\/IMG_0877.jpg 1512w\" sizes=\"auto, (max-width: 278px) 100vw, 278px\" \/><\/figure>\n<\/div>\n\n\n<p>Samedi 13 mai, nous nous sommes retrouv\u00e9s pour la troisi\u00e8me fois chez Antoine afin de d\u00e9couvrir son travail de sculpteur \u00e0 la tron\u00e7onneuse.<\/p>\n\n\n\n<p>L&rsquo;\u0153uvre mesure environ 2 m\u00e8tres de haut et nous d\u00e9couvrions progressivement la sculpture en train de naitre sous nos yeux. Nous \u00e9tions \u00e9pat\u00e9s de voir la dext\u00e9rit\u00e9 d&rsquo;Antoine, la maman et le petit ourson prenant de plus en plus forme.<\/p>\n\n\n<div class=\"wp-block-image\">\n<figure class=\"alignright size-large is-resized\"><img loading=\"lazy\" decoding=\"async\" src=\"https:\/\/le-6-espace-rencontre-et-initiatives.fr\/wp-content\/uploads\/2023\/05\/IMG_0879-768x1024.jpg\" alt=\"\" class=\"wp-image-12926\" width=\"255\" height=\"340\" srcset=\"https:\/\/le-6-espace-rencontre-et-initiatives.fr\/wp-content\/uploads\/2023\/05\/IMG_0879-768x1024.jpg 768w, https:\/\/le-6-espace-rencontre-et-initiatives.fr\/wp-content\/uploads\/2023\/05\/IMG_0879-225x300.jpg 225w, https:\/\/le-6-espace-rencontre-et-initiatives.fr\/wp-content\/uploads\/2023\/05\/IMG_0879-1152x1536.jpg 1152w, https:\/\/le-6-espace-rencontre-et-initiatives.fr\/wp-content\/uploads\/2023\/05\/IMG_0879.jpg 1512w\" sizes=\"auto, (max-width: 255px) 100vw, 255px\" \/><\/figure>\n<\/div>\n\n\n<p>Nous \u00e9tions heureux aussi d&rsquo;aller la toucher.<\/p>\n\n\n\n<p>La sculpture n&rsquo;est pas termin\u00e9e, nous esp\u00e9rons y retourner \u00e0 l&rsquo;automne pour assister aux finitions de l&rsquo;\u0153uvre.<\/p>\n","protected":false},"excerpt":{"rendered":"<p>Samedi 13 mai, nous nous sommes retrouv\u00e9s pour la troisi\u00e8me fois chez Antoine afin de d\u00e9couvrir son travail de sculpteur<\/p>\n","protected":false},"author":1,"featured_media":12926,"comment_status":"closed","ping_status":"open","sticky":false,"template":"","format":"standard","meta":{"_monsterinsights_skip_tracking":false,"_monsterinsights_sitenote_active":false,"_monsterinsights_sitenote_note":"","_monsterinsights_sitenote_category":0,"ngg_post_thumbnail":0,"footnotes":""},"categories":[1],"tags":[],"class_list":["post-12922","post","type-post","status-publish","format-standard","has-post-thumbnail","hentry","category-non-classe","comments-off"],"yoast_head":"<!-- This site is optimized with the Yoast SEO plugin v27.5 - https:\/\/yoast.com\/product\/yoast-seo-wordpress\/ -->\n<title>Naissance d&#039;une sculpture - Le 6 Espace Rencontre et Initiatives<\/title>\n<meta name=\"robots\" content=\"index, follow, max-snippet:-1, max-image-preview:large, max-video-preview:-1\" \/>\n<link rel=\"canonical\" href=\"https:\/\/le-6-espace-rencontre-et-initiatives.fr\/index.php\/2023\/05\/26\/naissance-dune-sculpture\/\" \/>\n<meta property=\"og:locale\" content=\"fr_FR\" \/>\n<meta property=\"og:type\" content=\"article\" \/>\n<meta property=\"og:title\" content=\"Naissance d&#039;une sculpture - Le 6 Espace Rencontre et Initiatives\" \/>\n<meta property=\"og:description\" content=\"Samedi 13 mai, nous nous sommes retrouv\u00e9s pour la troisi\u00e8me fois chez Antoine afin de d\u00e9couvrir son travail de sculpteur\" \/>\n<meta property=\"og:url\" content=\"https:\/\/le-6-espace-rencontre-et-initiatives.fr\/index.php\/2023\/05\/26\/naissance-dune-sculpture\/\" \/>\n<meta property=\"og:site_name\" content=\"Le 6 Espace Rencontre et Initiatives\" \/>\n<meta property=\"article:publisher\" content=\"https:\/\/www.facebook.com\/espacerencontrele6rennes\" \/>\n<meta property=\"article:published_time\" content=\"2023-05-26T17:15:48+00:00\" \/>\n<meta property=\"article:modified_time\" content=\"2023-05-26T17:20:16+00:00\" \/>\n<meta property=\"og:image\" content=\"https:\/\/le-6-espace-rencontre-et-initiatives.fr\/wp-content\/uploads\/2023\/05\/IMG_0879.jpg\" \/>\n\t<meta property=\"og:image:width\" content=\"1512\" \/>\n\t<meta property=\"og:image:height\" content=\"2016\" \/>\n\t<meta property=\"og:image:type\" content=\"image\/jpeg\" \/>\n<meta name=\"author\" content=\"collectifs\" \/>\n<meta name=\"twitter:card\" content=\"summary_large_image\" \/>\n<meta name=\"twitter:label1\" content=\"\u00c9crit par\" \/>\n\t<meta name=\"twitter:data1\" content=\"collectifs\" \/>\n\t<meta name=\"twitter:label2\" content=\"Dur\u00e9e de lecture estim\u00e9e\" \/>\n\t<meta name=\"twitter:data2\" content=\"1 minute\" \/>\n<script type=\"application\/ld+json\" class=\"yoast-schema-graph\">{\"@context\":\"https:\\\/\\\/schema.org\",\"@graph\":[{\"@type\":\"Article\",\"@id\":\"https:\\\/\\\/le-6-espace-rencontre-et-initiatives.fr\\\/index.php\\\/2023\\\/05\\\/26\\\/naissance-dune-sculpture\\\/#article\",\"isPartOf\":{\"@id\":\"https:\\\/\\\/le-6-espace-rencontre-et-initiatives.fr\\\/index.php\\\/2023\\\/05\\\/26\\\/naissance-dune-sculpture\\\/\"},\"author\":{\"name\":\"collectifs\",\"@id\":\"https:\\\/\\\/le-6-espace-rencontre-et-initiatives.fr\\\/#\\\/schema\\\/person\\\/dbc291cd7e031ad95bd8a4fe7e73416e\"},\"headline\":\"Naissance d&rsquo;une sculpture\",\"datePublished\":\"2023-05-26T17:15:48+00:00\",\"dateModified\":\"2023-05-26T17:20:16+00:00\",\"mainEntityOfPage\":{\"@id\":\"https:\\\/\\\/le-6-espace-rencontre-et-initiatives.fr\\\/index.php\\\/2023\\\/05\\\/26\\\/naissance-dune-sculpture\\\/\"},\"wordCount\":103,\"publisher\":{\"@id\":\"https:\\\/\\\/le-6-espace-rencontre-et-initiatives.fr\\\/#organization\"},\"image\":{\"@id\":\"https:\\\/\\\/le-6-espace-rencontre-et-initiatives.fr\\\/index.php\\\/2023\\\/05\\\/26\\\/naissance-dune-sculpture\\\/#primaryimage\"},\"thumbnailUrl\":\"https:\\\/\\\/le-6-espace-rencontre-et-initiatives.fr\\\/wp-content\\\/uploads\\\/2023\\\/05\\\/IMG_0879.jpg\",\"inLanguage\":\"fr-FR\"},{\"@type\":\"WebPage\",\"@id\":\"https:\\\/\\\/le-6-espace-rencontre-et-initiatives.fr\\\/index.php\\\/2023\\\/05\\\/26\\\/naissance-dune-sculpture\\\/\",\"url\":\"https:\\\/\\\/le-6-espace-rencontre-et-initiatives.fr\\\/index.php\\\/2023\\\/05\\\/26\\\/naissance-dune-sculpture\\\/\",\"name\":\"Naissance d'une sculpture - Le 6 Espace Rencontre et Initiatives\",\"isPartOf\":{\"@id\":\"https:\\\/\\\/le-6-espace-rencontre-et-initiatives.fr\\\/#website\"},\"primaryImageOfPage\":{\"@id\":\"https:\\\/\\\/le-6-espace-rencontre-et-initiatives.fr\\\/index.php\\\/2023\\\/05\\\/26\\\/naissance-dune-sculpture\\\/#primaryimage\"},\"image\":{\"@id\":\"https:\\\/\\\/le-6-espace-rencontre-et-initiatives.fr\\\/index.php\\\/2023\\\/05\\\/26\\\/naissance-dune-sculpture\\\/#primaryimage\"},\"thumbnailUrl\":\"https:\\\/\\\/le-6-espace-rencontre-et-initiatives.fr\\\/wp-content\\\/uploads\\\/2023\\\/05\\\/IMG_0879.jpg\",\"datePublished\":\"2023-05-26T17:15:48+00:00\",\"dateModified\":\"2023-05-26T17:20:16+00:00\",\"breadcrumb\":{\"@id\":\"https:\\\/\\\/le-6-espace-rencontre-et-initiatives.fr\\\/index.php\\\/2023\\\/05\\\/26\\\/naissance-dune-sculpture\\\/#breadcrumb\"},\"inLanguage\":\"fr-FR\",\"potentialAction\":[{\"@type\":\"ReadAction\",\"target\":[\"https:\\\/\\\/le-6-espace-rencontre-et-initiatives.fr\\\/index.php\\\/2023\\\/05\\\/26\\\/naissance-dune-sculpture\\\/\"]}]},{\"@type\":\"ImageObject\",\"inLanguage\":\"fr-FR\",\"@id\":\"https:\\\/\\\/le-6-espace-rencontre-et-initiatives.fr\\\/index.php\\\/2023\\\/05\\\/26\\\/naissance-dune-sculpture\\\/#primaryimage\",\"url\":\"https:\\\/\\\/le-6-espace-rencontre-et-initiatives.fr\\\/wp-content\\\/uploads\\\/2023\\\/05\\\/IMG_0879.jpg\",\"contentUrl\":\"https:\\\/\\\/le-6-espace-rencontre-et-initiatives.fr\\\/wp-content\\\/uploads\\\/2023\\\/05\\\/IMG_0879.jpg\",\"width\":1512,\"height\":2016},{\"@type\":\"BreadcrumbList\",\"@id\":\"https:\\\/\\\/le-6-espace-rencontre-et-initiatives.fr\\\/index.php\\\/2023\\\/05\\\/26\\\/naissance-dune-sculpture\\\/#breadcrumb\",\"itemListElement\":[{\"@type\":\"ListItem\",\"position\":1,\"name\":\"Accueil\",\"item\":\"https:\\\/\\\/le-6-espace-rencontre-et-initiatives.fr\\\/\"},{\"@type\":\"ListItem\",\"position\":2,\"name\":\"Naissance d&rsquo;une sculpture\"}]},{\"@type\":\"WebSite\",\"@id\":\"https:\\\/\\\/le-6-espace-rencontre-et-initiatives.fr\\\/#website\",\"url\":\"https:\\\/\\\/le-6-espace-rencontre-et-initiatives.fr\\\/\",\"name\":\"Le 6 Espace Rencontre et Initiatives\",\"description\":\"Ce site pr\u00e9sente une vue d&#039;ensemble de l&#039;histoire et des actions du &quot;6&quot; \u00e0 Rennes\",\"publisher\":{\"@id\":\"https:\\\/\\\/le-6-espace-rencontre-et-initiatives.fr\\\/#organization\"},\"potentialAction\":[{\"@type\":\"SearchAction\",\"target\":{\"@type\":\"EntryPoint\",\"urlTemplate\":\"https:\\\/\\\/le-6-espace-rencontre-et-initiatives.fr\\\/?s={search_term_string}\"},\"query-input\":{\"@type\":\"PropertyValueSpecification\",\"valueRequired\":true,\"valueName\":\"search_term_string\"}}],\"inLanguage\":\"fr-FR\"},{\"@type\":\"Organization\",\"@id\":\"https:\\\/\\\/le-6-espace-rencontre-et-initiatives.fr\\\/#organization\",\"name\":\"Les collectifs du 6\",\"url\":\"https:\\\/\\\/le-6-espace-rencontre-et-initiatives.fr\\\/\",\"logo\":{\"@type\":\"ImageObject\",\"inLanguage\":\"fr-FR\",\"@id\":\"https:\\\/\\\/le-6-espace-rencontre-et-initiatives.fr\\\/#\\\/schema\\\/logo\\\/image\\\/\",\"url\":\"https:\\\/\\\/le-6-espace-rencontre-et-initiatives.fr\\\/wp-content\\\/uploads\\\/2021\\\/01\\\/Logo-Collectifs-du-6.png\",\"contentUrl\":\"https:\\\/\\\/le-6-espace-rencontre-et-initiatives.fr\\\/wp-content\\\/uploads\\\/2021\\\/01\\\/Logo-Collectifs-du-6.png\",\"width\":336,\"height\":342,\"caption\":\"Les collectifs du 6\"},\"image\":{\"@id\":\"https:\\\/\\\/le-6-espace-rencontre-et-initiatives.fr\\\/#\\\/schema\\\/logo\\\/image\\\/\"},\"sameAs\":[\"https:\\\/\\\/www.facebook.com\\\/espacerencontrele6rennes\"]},{\"@type\":\"Person\",\"@id\":\"https:\\\/\\\/le-6-espace-rencontre-et-initiatives.fr\\\/#\\\/schema\\\/person\\\/dbc291cd7e031ad95bd8a4fe7e73416e\",\"name\":\"collectifs\",\"image\":{\"@type\":\"ImageObject\",\"inLanguage\":\"fr-FR\",\"@id\":\"https:\\\/\\\/secure.gravatar.com\\\/avatar\\\/bd8ce97ffcdc8b874936274cc23aa49553482c5ebf939d440b3d0da214d87348?s=96&d=mm&r=g\",\"url\":\"https:\\\/\\\/secure.gravatar.com\\\/avatar\\\/bd8ce97ffcdc8b874936274cc23aa49553482c5ebf939d440b3d0da214d87348?s=96&d=mm&r=g\",\"contentUrl\":\"https:\\\/\\\/secure.gravatar.com\\\/avatar\\\/bd8ce97ffcdc8b874936274cc23aa49553482c5ebf939d440b3d0da214d87348?s=96&d=mm&r=g\",\"caption\":\"collectifs\"},\"sameAs\":[\"http:\\\/\\\/le-6-espace-rencontre-et-initiatives.fr\"]}]}<\/script>\n<!-- \/ Yoast SEO plugin. -->","yoast_head_json":{"title":"Naissance d'une sculpture - Le 6 Espace Rencontre et Initiatives","robots":{"index":"index","follow":"follow","max-snippet":"max-snippet:-1","max-image-preview":"max-image-preview:large","max-video-preview":"max-video-preview:-1"},"canonical":"https:\/\/le-6-espace-rencontre-et-initiatives.fr\/index.php\/2023\/05\/26\/naissance-dune-sculpture\/","og_locale":"fr_FR","og_type":"article","og_title":"Naissance d'une sculpture - Le 6 Espace Rencontre et Initiatives","og_description":"Samedi 13 mai, nous nous sommes retrouv\u00e9s pour la troisi\u00e8me fois chez Antoine afin de d\u00e9couvrir son travail de sculpteur","og_url":"https:\/\/le-6-espace-rencontre-et-initiatives.fr\/index.php\/2023\/05\/26\/naissance-dune-sculpture\/","og_site_name":"Le 6 Espace Rencontre et Initiatives","article_publisher":"https:\/\/www.facebook.com\/espacerencontrele6rennes","article_published_time":"2023-05-26T17:15:48+00:00","article_modified_time":"2023-05-26T17:20:16+00:00","og_image":[{"width":1512,"height":2016,"url":"https:\/\/le-6-espace-rencontre-et-initiatives.fr\/wp-content\/uploads\/2023\/05\/IMG_0879.jpg","type":"image\/jpeg"}],"author":"collectifs","twitter_card":"summary_large_image","twitter_misc":{"\u00c9crit par":"collectifs","Dur\u00e9e de lecture estim\u00e9e":"1 minute"},"schema":{"@context":"https:\/\/schema.org","@graph":[{"@type":"Article","@id":"https:\/\/le-6-espace-rencontre-et-initiatives.fr\/index.php\/2023\/05\/26\/naissance-dune-sculpture\/#article","isPartOf":{"@id":"https:\/\/le-6-espace-rencontre-et-initiatives.fr\/index.php\/2023\/05\/26\/naissance-dune-sculpture\/"},"author":{"name":"collectifs","@id":"https:\/\/le-6-espace-rencontre-et-initiatives.fr\/#\/schema\/person\/dbc291cd7e031ad95bd8a4fe7e73416e"},"headline":"Naissance d&rsquo;une sculpture","datePublished":"2023-05-26T17:15:48+00:00","dateModified":"2023-05-26T17:20:16+00:00","mainEntityOfPage":{"@id":"https:\/\/le-6-espace-rencontre-et-initiatives.fr\/index.php\/2023\/05\/26\/naissance-dune-sculpture\/"},"wordCount":103,"publisher":{"@id":"https:\/\/le-6-espace-rencontre-et-initiatives.fr\/#organization"},"image":{"@id":"https:\/\/le-6-espace-rencontre-et-initiatives.fr\/index.php\/2023\/05\/26\/naissance-dune-sculpture\/#primaryimage"},"thumbnailUrl":"https:\/\/le-6-espace-rencontre-et-initiatives.fr\/wp-content\/uploads\/2023\/05\/IMG_0879.jpg","inLanguage":"fr-FR"},{"@type":"WebPage","@id":"https:\/\/le-6-espace-rencontre-et-initiatives.fr\/index.php\/2023\/05\/26\/naissance-dune-sculpture\/","url":"https:\/\/le-6-espace-rencontre-et-initiatives.fr\/index.php\/2023\/05\/26\/naissance-dune-sculpture\/","name":"Naissance d'une sculpture - Le 6 Espace Rencontre et Initiatives","isPartOf":{"@id":"https:\/\/le-6-espace-rencontre-et-initiatives.fr\/#website"},"primaryImageOfPage":{"@id":"https:\/\/le-6-espace-rencontre-et-initiatives.fr\/index.php\/2023\/05\/26\/naissance-dune-sculpture\/#primaryimage"},"image":{"@id":"https:\/\/le-6-espace-rencontre-et-initiatives.fr\/index.php\/2023\/05\/26\/naissance-dune-sculpture\/#primaryimage"},"thumbnailUrl":"https:\/\/le-6-espace-rencontre-et-initiatives.fr\/wp-content\/uploads\/2023\/05\/IMG_0879.jpg","datePublished":"2023-05-26T17:15:48+00:00","dateModified":"2023-05-26T17:20:16+00:00","breadcrumb":{"@id":"https:\/\/le-6-espace-rencontre-et-initiatives.fr\/index.php\/2023\/05\/26\/naissance-dune-sculpture\/#breadcrumb"},"inLanguage":"fr-FR","potentialAction":[{"@type":"ReadAction","target":["https:\/\/le-6-espace-rencontre-et-initiatives.fr\/index.php\/2023\/05\/26\/naissance-dune-sculpture\/"]}]},{"@type":"ImageObject","inLanguage":"fr-FR","@id":"https:\/\/le-6-espace-rencontre-et-initiatives.fr\/index.php\/2023\/05\/26\/naissance-dune-sculpture\/#primaryimage","url":"https:\/\/le-6-espace-rencontre-et-initiatives.fr\/wp-content\/uploads\/2023\/05\/IMG_0879.jpg","contentUrl":"https:\/\/le-6-espace-rencontre-et-initiatives.fr\/wp-content\/uploads\/2023\/05\/IMG_0879.jpg","width":1512,"height":2016},{"@type":"BreadcrumbList","@id":"https:\/\/le-6-espace-rencontre-et-initiatives.fr\/index.php\/2023\/05\/26\/naissance-dune-sculpture\/#breadcrumb","itemListElement":[{"@type":"ListItem","position":1,"name":"Accueil","item":"https:\/\/le-6-espace-rencontre-et-initiatives.fr\/"},{"@type":"ListItem","position":2,"name":"Naissance d&rsquo;une sculpture"}]},{"@type":"WebSite","@id":"https:\/\/le-6-espace-rencontre-et-initiatives.fr\/#website","url":"https:\/\/le-6-espace-rencontre-et-initiatives.fr\/","name":"Le 6 Espace Rencontre et Initiatives","description":"Ce site pr\u00e9sente une vue d&#039;ensemble de l&#039;histoire et des actions du &quot;6&quot; \u00e0 Rennes","publisher":{"@id":"https:\/\/le-6-espace-rencontre-et-initiatives.fr\/#organization"},"potentialAction":[{"@type":"SearchAction","target":{"@type":"EntryPoint","urlTemplate":"https:\/\/le-6-espace-rencontre-et-initiatives.fr\/?s={search_term_string}"},"query-input":{"@type":"PropertyValueSpecification","valueRequired":true,"valueName":"search_term_string"}}],"inLanguage":"fr-FR"},{"@type":"Organization","@id":"https:\/\/le-6-espace-rencontre-et-initiatives.fr\/#organization","name":"Les collectifs du 6","url":"https:\/\/le-6-espace-rencontre-et-initiatives.fr\/","logo":{"@type":"ImageObject","inLanguage":"fr-FR","@id":"https:\/\/le-6-espace-rencontre-et-initiatives.fr\/#\/schema\/logo\/image\/","url":"https:\/\/le-6-espace-rencontre-et-initiatives.fr\/wp-content\/uploads\/2021\/01\/Logo-Collectifs-du-6.png","contentUrl":"https:\/\/le-6-espace-rencontre-et-initiatives.fr\/wp-content\/uploads\/2021\/01\/Logo-Collectifs-du-6.png","width":336,"height":342,"caption":"Les collectifs du 6"},"image":{"@id":"https:\/\/le-6-espace-rencontre-et-initiatives.fr\/#\/schema\/logo\/image\/"},"sameAs":["https:\/\/www.facebook.com\/espacerencontrele6rennes"]},{"@type":"Person","@id":"https:\/\/le-6-espace-rencontre-et-initiatives.fr\/#\/schema\/person\/dbc291cd7e031ad95bd8a4fe7e73416e","name":"collectifs","image":{"@type":"ImageObject","inLanguage":"fr-FR","@id":"https:\/\/secure.gravatar.com\/avatar\/bd8ce97ffcdc8b874936274cc23aa49553482c5ebf939d440b3d0da214d87348?s=96&d=mm&r=g","url":"https:\/\/secure.gravatar.com\/avatar\/bd8ce97ffcdc8b874936274cc23aa49553482c5ebf939d440b3d0da214d87348?s=96&d=mm&r=g","contentUrl":"https:\/\/secure.gravatar.com\/avatar\/bd8ce97ffcdc8b874936274cc23aa49553482c5ebf939d440b3d0da214d87348?s=96&d=mm&r=g","caption":"collectifs"},"sameAs":["http:\/\/le-6-espace-rencontre-et-initiatives.fr"]}]}},"_links":{"self":[{"href":"https:\/\/le-6-espace-rencontre-et-initiatives.fr\/index.php\/wp-json\/wp\/v2\/posts\/12922","targetHints":{"allow":["GET"]}}],"collection":[{"href":"https:\/\/le-6-espace-rencontre-et-initiatives.fr\/index.php\/wp-json\/wp\/v2\/posts"}],"about":[{"href":"https:\/\/le-6-espace-rencontre-et-initiatives.fr\/index.php\/wp-json\/wp\/v2\/types\/post"}],"author":[{"embeddable":true,"href":"https:\/\/le-6-espace-rencontre-et-initiatives.fr\/index.php\/wp-json\/wp\/v2\/users\/1"}],"replies":[{"embeddable":true,"href":"https:\/\/le-6-espace-rencontre-et-initiatives.fr\/index.php\/wp-json\/wp\/v2\/comments?post=12922"}],"version-history":[{"count":5,"href":"https:\/\/le-6-espace-rencontre-et-initiatives.fr\/index.php\/wp-json\/wp\/v2\/posts\/12922\/revisions"}],"predecessor-version":[{"id":12929,"href":"https:\/\/le-6-espace-rencontre-et-initiatives.fr\/index.php\/wp-json\/wp\/v2\/posts\/12922\/revisions\/12929"}],"wp:featuredmedia":[{"embeddable":true,"href":"https:\/\/le-6-espace-rencontre-et-initiatives.fr\/index.php\/wp-json\/wp\/v2\/media\/12926"}],"wp:attachment":[{"href":"https:\/\/le-6-espace-rencontre-et-initiatives.fr\/index.php\/wp-json\/wp\/v2\/media?parent=12922"}],"wp:term":[{"taxonomy":"category","embeddable":true,"href":"https:\/\/le-6-espace-rencontre-et-initiatives.fr\/index.php\/wp-json\/wp\/v2\/categories?post=12922"},{"taxonomy":"post_tag","embeddable":true,"href":"https:\/\/le-6-espace-rencontre-et-initiatives.fr\/index.php\/wp-json\/wp\/v2\/tags?post=12922"}],"curies":[{"name":"wp","href":"https:\/\/api.w.org\/{rel}","templated":true}]}}