{"id":10836,"date":"2022-01-28T18:51:51","date_gmt":"2022-01-28T17:51:51","guid":{"rendered":"https:\/\/le-6-espace-rencontre-et-initiatives.fr\/?p=10836"},"modified":"2022-01-28T20:47:01","modified_gmt":"2022-01-28T19:47:01","slug":"le-printemps-de-la-rue-creative","status":"publish","type":"post","link":"https:\/\/le-6-espace-rencontre-et-initiatives.fr\/index.php\/2022\/01\/28\/le-printemps-de-la-rue-creative\/","title":{"rendered":"Le Printemps de la rue cr\u00e9ative"},"content":{"rendered":"\n<div class=\"wp-block-image\"><figure class=\"aligncenter size-large is-resized\"><img loading=\"lazy\" decoding=\"async\" src=\"https:\/\/le-6-espace-rencontre-et-initiatives.fr\/wp-content\/uploads\/2022\/01\/Le-printemps-de-la-rue-creative-bandeau-1024x448.jpg\" alt=\"\" class=\"wp-image-10950\" width=\"538\" height=\"235\" srcset=\"https:\/\/le-6-espace-rencontre-et-initiatives.fr\/wp-content\/uploads\/2022\/01\/Le-printemps-de-la-rue-creative-bandeau-1024x448.jpg 1024w, https:\/\/le-6-espace-rencontre-et-initiatives.fr\/wp-content\/uploads\/2022\/01\/Le-printemps-de-la-rue-creative-bandeau-300x131.jpg 300w, https:\/\/le-6-espace-rencontre-et-initiatives.fr\/wp-content\/uploads\/2022\/01\/Le-printemps-de-la-rue-creative-bandeau-768x336.jpg 768w, https:\/\/le-6-espace-rencontre-et-initiatives.fr\/wp-content\/uploads\/2022\/01\/Le-printemps-de-la-rue-creative-bandeau.jpg 1095w\" sizes=\"auto, (max-width: 538px) 100vw, 538px\" \/><\/figure><\/div>\n\n\n\n<p>En 2021, au 6 Espace Rencontre et Initiatives, a germ\u00e9 l&rsquo;id\u00e9e de mettre en \u00e9vidence les talents cr\u00e9atifs des personnes \u00e0 la rue ou qui l&rsquo;ont \u00e9t\u00e9.<\/p>\n\n\n\n<p>C&rsquo;est aussi une incitation \u00e0 un changement de regard : les personnes sont souvent vues sous l&rsquo;angle de leurs besoins ou de leurs difficult\u00e9s. Il est donc urgent de mettre en \u00e9vidence leur potentiel cr\u00e9atif.<\/p>\n\n\n\n<p>L&rsquo;\u00e9quipe du 6 a sollicit\u00e9 les associations <a href=\"https:\/\/www.entourage.social\/\" target=\"_blank\" rel=\"noreferrer noopener\">Entourage<\/a> et <a href=\"https:\/\/www.entourage.social\/\" target=\"_blank\" rel=\"noreferrer noopener\">La Cloche<\/a> pour porter ensemble ce projet. Elles ont accept\u00e9 et nous sommes engag\u00e9s ensemble pour la mise en \u0153uvre de ce projet.<\/p>\n\n\n\n<p>Un comit\u00e9 de pilotage a \u00e9t\u00e9 cr\u00e9\u00e9 pour organiser cet \u00e9v\u00e9nement qui pourrait avoir lieu au printemps 2022.<\/p>\n\n\n\n<p>L&rsquo;esprit de ce projet :<\/p>\n\n\n\n<ul class=\"wp-block-list\"><li>Les personnes \u00e0 la rue ou qui l&rsquo;ont v\u00e9cu sont les acteurs de ce projet,<\/li><li>Les associations apportent leur soutien pour la coordination et la r\u00e9alisation,<\/li><li>L&rsquo;utilisation de mat\u00e9riaux recycl\u00e9s est privil\u00e9gi\u00e9e,<\/li><li>Faire du beau avec des choses simples.<\/li><\/ul>\n\n\n\n<p><a href=\"https:\/\/le-6-espace-rencontre-et-initiatives.fr\/wp-content\/uploads\/2022\/01\/Le-printemps-de-la-rue-creative-flyer.jpg\" target=\"_blank\" rel=\"noreferrer noopener\">Un flyer est donn\u00e9 aux personnes \u00e0 la rue<\/a> pour inviter \u00e0 participer \u00e0 la pr\u00e9paration et permettre ainsi qu&rsquo;ils r\u00e9v\u00e8lent leurs talents.<\/p>\n\n\n\n<p>Nous avons besoin de partenaires pour assurer la communication de l&rsquo;\u00e9v\u00e9nement et pour apporter un soutien financier.<\/p>\n\n\n\n<p>Les ateliers en cours de cr\u00e9ation \u00e0 ce jour :<\/p>\n\n\n\n<ul class=\"wp-block-list\"><li>Atelier pour concevoir une \u0153uvre collective<\/li><li>Atelier pour pr\u00e9parer une d\u00e9ambulation dans la ville<\/li><li>Atelier de mise en valeur des phrases fortes dites par les personnes \u00e0 la rue<\/li><li>Atelier photo des \u0153uvres r\u00e9alis\u00e9es (sculptures, peintures, dessins, &#8230;)<\/li><\/ul>\n\n\n\n<p>Vous pouvez nous contacter au <strong>06 23 92 15 97<\/strong> ou bien via <a href=\"mailto: lescollectifsdu6@gmail.com\">le mail des collectifs<\/a>.<\/p>\n","protected":false},"excerpt":{"rendered":"<p>En 2021, au 6 Espace Rencontre et Initiatives, a germ\u00e9 l&rsquo;id\u00e9e de mettre en \u00e9vidence les talents cr\u00e9atifs des personnes<\/p>\n","protected":false},"author":1,"featured_media":10950,"comment_status":"closed","ping_status":"open","sticky":false,"template":"","format":"standard","meta":{"_monsterinsights_skip_tracking":false,"_monsterinsights_sitenote_active":false,"_monsterinsights_sitenote_note":"","_monsterinsights_sitenote_category":0,"ngg_post_thumbnail":0,"footnotes":""},"categories":[1],"tags":[],"class_list":["post-10836","post","type-post","status-publish","format-standard","has-post-thumbnail","hentry","category-non-classe","comments-off"],"yoast_head":"<!-- This site is optimized with the Yoast SEO plugin v27.5 - https:\/\/yoast.com\/product\/yoast-seo-wordpress\/ -->\n<title>Le Printemps de la rue cr\u00e9ative - Le 6 Espace Rencontre et Initiatives<\/title>\n<meta name=\"robots\" content=\"index, follow, max-snippet:-1, max-image-preview:large, max-video-preview:-1\" \/>\n<link rel=\"canonical\" href=\"https:\/\/le-6-espace-rencontre-et-initiatives.fr\/index.php\/2022\/01\/28\/le-printemps-de-la-rue-creative\/\" \/>\n<meta property=\"og:locale\" content=\"fr_FR\" \/>\n<meta property=\"og:type\" content=\"article\" \/>\n<meta property=\"og:title\" content=\"Le Printemps de la rue cr\u00e9ative - Le 6 Espace Rencontre et Initiatives\" \/>\n<meta property=\"og:description\" content=\"En 2021, au 6 Espace Rencontre et Initiatives, a germ\u00e9 l&rsquo;id\u00e9e de mettre en \u00e9vidence les talents cr\u00e9atifs des personnes\" \/>\n<meta property=\"og:url\" content=\"https:\/\/le-6-espace-rencontre-et-initiatives.fr\/index.php\/2022\/01\/28\/le-printemps-de-la-rue-creative\/\" \/>\n<meta property=\"og:site_name\" content=\"Le 6 Espace Rencontre et Initiatives\" \/>\n<meta property=\"article:publisher\" content=\"https:\/\/www.facebook.com\/espacerencontrele6rennes\" \/>\n<meta property=\"article:published_time\" content=\"2022-01-28T17:51:51+00:00\" \/>\n<meta property=\"article:modified_time\" content=\"2022-01-28T19:47:01+00:00\" \/>\n<meta property=\"og:image\" content=\"https:\/\/le-6-espace-rencontre-et-initiatives.fr\/wp-content\/uploads\/2022\/01\/Le-printemps-de-la-rue-creative-bandeau.jpg\" \/>\n\t<meta property=\"og:image:width\" content=\"1095\" \/>\n\t<meta property=\"og:image:height\" content=\"479\" \/>\n\t<meta property=\"og:image:type\" content=\"image\/jpeg\" \/>\n<meta name=\"author\" content=\"collectifs\" \/>\n<meta name=\"twitter:card\" content=\"summary_large_image\" \/>\n<meta name=\"twitter:label1\" content=\"\u00c9crit par\" \/>\n\t<meta name=\"twitter:data1\" content=\"collectifs\" \/>\n\t<meta name=\"twitter:label2\" content=\"Dur\u00e9e de lecture estim\u00e9e\" \/>\n\t<meta name=\"twitter:data2\" content=\"2 minutes\" \/>\n<script type=\"application\/ld+json\" class=\"yoast-schema-graph\">{\"@context\":\"https:\\\/\\\/schema.org\",\"@graph\":[{\"@type\":\"Article\",\"@id\":\"https:\\\/\\\/le-6-espace-rencontre-et-initiatives.fr\\\/index.php\\\/2022\\\/01\\\/28\\\/le-printemps-de-la-rue-creative\\\/#article\",\"isPartOf\":{\"@id\":\"https:\\\/\\\/le-6-espace-rencontre-et-initiatives.fr\\\/index.php\\\/2022\\\/01\\\/28\\\/le-printemps-de-la-rue-creative\\\/\"},\"author\":{\"name\":\"collectifs\",\"@id\":\"https:\\\/\\\/le-6-espace-rencontre-et-initiatives.fr\\\/#\\\/schema\\\/person\\\/dbc291cd7e031ad95bd8a4fe7e73416e\"},\"headline\":\"Le Printemps de la rue cr\u00e9ative\",\"datePublished\":\"2022-01-28T17:51:51+00:00\",\"dateModified\":\"2022-01-28T19:47:01+00:00\",\"mainEntityOfPage\":{\"@id\":\"https:\\\/\\\/le-6-espace-rencontre-et-initiatives.fr\\\/index.php\\\/2022\\\/01\\\/28\\\/le-printemps-de-la-rue-creative\\\/\"},\"wordCount\":278,\"publisher\":{\"@id\":\"https:\\\/\\\/le-6-espace-rencontre-et-initiatives.fr\\\/#organization\"},\"image\":{\"@id\":\"https:\\\/\\\/le-6-espace-rencontre-et-initiatives.fr\\\/index.php\\\/2022\\\/01\\\/28\\\/le-printemps-de-la-rue-creative\\\/#primaryimage\"},\"thumbnailUrl\":\"https:\\\/\\\/le-6-espace-rencontre-et-initiatives.fr\\\/wp-content\\\/uploads\\\/2022\\\/01\\\/Le-printemps-de-la-rue-creative-bandeau.jpg\",\"inLanguage\":\"fr-FR\"},{\"@type\":\"WebPage\",\"@id\":\"https:\\\/\\\/le-6-espace-rencontre-et-initiatives.fr\\\/index.php\\\/2022\\\/01\\\/28\\\/le-printemps-de-la-rue-creative\\\/\",\"url\":\"https:\\\/\\\/le-6-espace-rencontre-et-initiatives.fr\\\/index.php\\\/2022\\\/01\\\/28\\\/le-printemps-de-la-rue-creative\\\/\",\"name\":\"Le Printemps de la rue cr\u00e9ative - Le 6 Espace Rencontre et Initiatives\",\"isPartOf\":{\"@id\":\"https:\\\/\\\/le-6-espace-rencontre-et-initiatives.fr\\\/#website\"},\"primaryImageOfPage\":{\"@id\":\"https:\\\/\\\/le-6-espace-rencontre-et-initiatives.fr\\\/index.php\\\/2022\\\/01\\\/28\\\/le-printemps-de-la-rue-creative\\\/#primaryimage\"},\"image\":{\"@id\":\"https:\\\/\\\/le-6-espace-rencontre-et-initiatives.fr\\\/index.php\\\/2022\\\/01\\\/28\\\/le-printemps-de-la-rue-creative\\\/#primaryimage\"},\"thumbnailUrl\":\"https:\\\/\\\/le-6-espace-rencontre-et-initiatives.fr\\\/wp-content\\\/uploads\\\/2022\\\/01\\\/Le-printemps-de-la-rue-creative-bandeau.jpg\",\"datePublished\":\"2022-01-28T17:51:51+00:00\",\"dateModified\":\"2022-01-28T19:47:01+00:00\",\"breadcrumb\":{\"@id\":\"https:\\\/\\\/le-6-espace-rencontre-et-initiatives.fr\\\/index.php\\\/2022\\\/01\\\/28\\\/le-printemps-de-la-rue-creative\\\/#breadcrumb\"},\"inLanguage\":\"fr-FR\",\"potentialAction\":[{\"@type\":\"ReadAction\",\"target\":[\"https:\\\/\\\/le-6-espace-rencontre-et-initiatives.fr\\\/index.php\\\/2022\\\/01\\\/28\\\/le-printemps-de-la-rue-creative\\\/\"]}]},{\"@type\":\"ImageObject\",\"inLanguage\":\"fr-FR\",\"@id\":\"https:\\\/\\\/le-6-espace-rencontre-et-initiatives.fr\\\/index.php\\\/2022\\\/01\\\/28\\\/le-printemps-de-la-rue-creative\\\/#primaryimage\",\"url\":\"https:\\\/\\\/le-6-espace-rencontre-et-initiatives.fr\\\/wp-content\\\/uploads\\\/2022\\\/01\\\/Le-printemps-de-la-rue-creative-bandeau.jpg\",\"contentUrl\":\"https:\\\/\\\/le-6-espace-rencontre-et-initiatives.fr\\\/wp-content\\\/uploads\\\/2022\\\/01\\\/Le-printemps-de-la-rue-creative-bandeau.jpg\",\"width\":1095,\"height\":479,\"caption\":\"Bandeau pour printemps de la rue cr\u00e9ative\"},{\"@type\":\"BreadcrumbList\",\"@id\":\"https:\\\/\\\/le-6-espace-rencontre-et-initiatives.fr\\\/index.php\\\/2022\\\/01\\\/28\\\/le-printemps-de-la-rue-creative\\\/#breadcrumb\",\"itemListElement\":[{\"@type\":\"ListItem\",\"position\":1,\"name\":\"Accueil\",\"item\":\"https:\\\/\\\/le-6-espace-rencontre-et-initiatives.fr\\\/\"},{\"@type\":\"ListItem\",\"position\":2,\"name\":\"Le Printemps de la rue cr\u00e9ative\"}]},{\"@type\":\"WebSite\",\"@id\":\"https:\\\/\\\/le-6-espace-rencontre-et-initiatives.fr\\\/#website\",\"url\":\"https:\\\/\\\/le-6-espace-rencontre-et-initiatives.fr\\\/\",\"name\":\"Le 6 Espace Rencontre et Initiatives\",\"description\":\"Ce site pr\u00e9sente une vue d&#039;ensemble de l&#039;histoire et des actions du &quot;6&quot; \u00e0 Rennes\",\"publisher\":{\"@id\":\"https:\\\/\\\/le-6-espace-rencontre-et-initiatives.fr\\\/#organization\"},\"potentialAction\":[{\"@type\":\"SearchAction\",\"target\":{\"@type\":\"EntryPoint\",\"urlTemplate\":\"https:\\\/\\\/le-6-espace-rencontre-et-initiatives.fr\\\/?s={search_term_string}\"},\"query-input\":{\"@type\":\"PropertyValueSpecification\",\"valueRequired\":true,\"valueName\":\"search_term_string\"}}],\"inLanguage\":\"fr-FR\"},{\"@type\":\"Organization\",\"@id\":\"https:\\\/\\\/le-6-espace-rencontre-et-initiatives.fr\\\/#organization\",\"name\":\"Les collectifs du 6\",\"url\":\"https:\\\/\\\/le-6-espace-rencontre-et-initiatives.fr\\\/\",\"logo\":{\"@type\":\"ImageObject\",\"inLanguage\":\"fr-FR\",\"@id\":\"https:\\\/\\\/le-6-espace-rencontre-et-initiatives.fr\\\/#\\\/schema\\\/logo\\\/image\\\/\",\"url\":\"https:\\\/\\\/le-6-espace-rencontre-et-initiatives.fr\\\/wp-content\\\/uploads\\\/2021\\\/01\\\/Logo-Collectifs-du-6.png\",\"contentUrl\":\"https:\\\/\\\/le-6-espace-rencontre-et-initiatives.fr\\\/wp-content\\\/uploads\\\/2021\\\/01\\\/Logo-Collectifs-du-6.png\",\"width\":336,\"height\":342,\"caption\":\"Les collectifs du 6\"},\"image\":{\"@id\":\"https:\\\/\\\/le-6-espace-rencontre-et-initiatives.fr\\\/#\\\/schema\\\/logo\\\/image\\\/\"},\"sameAs\":[\"https:\\\/\\\/www.facebook.com\\\/espacerencontrele6rennes\"]},{\"@type\":\"Person\",\"@id\":\"https:\\\/\\\/le-6-espace-rencontre-et-initiatives.fr\\\/#\\\/schema\\\/person\\\/dbc291cd7e031ad95bd8a4fe7e73416e\",\"name\":\"collectifs\",\"image\":{\"@type\":\"ImageObject\",\"inLanguage\":\"fr-FR\",\"@id\":\"https:\\\/\\\/secure.gravatar.com\\\/avatar\\\/bd8ce97ffcdc8b874936274cc23aa49553482c5ebf939d440b3d0da214d87348?s=96&d=mm&r=g\",\"url\":\"https:\\\/\\\/secure.gravatar.com\\\/avatar\\\/bd8ce97ffcdc8b874936274cc23aa49553482c5ebf939d440b3d0da214d87348?s=96&d=mm&r=g\",\"contentUrl\":\"https:\\\/\\\/secure.gravatar.com\\\/avatar\\\/bd8ce97ffcdc8b874936274cc23aa49553482c5ebf939d440b3d0da214d87348?s=96&d=mm&r=g\",\"caption\":\"collectifs\"},\"sameAs\":[\"http:\\\/\\\/le-6-espace-rencontre-et-initiatives.fr\"]}]}<\/script>\n<!-- \/ Yoast SEO plugin. -->","yoast_head_json":{"title":"Le Printemps de la rue cr\u00e9ative - Le 6 Espace Rencontre et Initiatives","robots":{"index":"index","follow":"follow","max-snippet":"max-snippet:-1","max-image-preview":"max-image-preview:large","max-video-preview":"max-video-preview:-1"},"canonical":"https:\/\/le-6-espace-rencontre-et-initiatives.fr\/index.php\/2022\/01\/28\/le-printemps-de-la-rue-creative\/","og_locale":"fr_FR","og_type":"article","og_title":"Le Printemps de la rue cr\u00e9ative - Le 6 Espace Rencontre et Initiatives","og_description":"En 2021, au 6 Espace Rencontre et Initiatives, a germ\u00e9 l&rsquo;id\u00e9e de mettre en \u00e9vidence les talents cr\u00e9atifs des personnes","og_url":"https:\/\/le-6-espace-rencontre-et-initiatives.fr\/index.php\/2022\/01\/28\/le-printemps-de-la-rue-creative\/","og_site_name":"Le 6 Espace Rencontre et Initiatives","article_publisher":"https:\/\/www.facebook.com\/espacerencontrele6rennes","article_published_time":"2022-01-28T17:51:51+00:00","article_modified_time":"2022-01-28T19:47:01+00:00","og_image":[{"width":1095,"height":479,"url":"https:\/\/le-6-espace-rencontre-et-initiatives.fr\/wp-content\/uploads\/2022\/01\/Le-printemps-de-la-rue-creative-bandeau.jpg","type":"image\/jpeg"}],"author":"collectifs","twitter_card":"summary_large_image","twitter_misc":{"\u00c9crit par":"collectifs","Dur\u00e9e de lecture estim\u00e9e":"2 minutes"},"schema":{"@context":"https:\/\/schema.org","@graph":[{"@type":"Article","@id":"https:\/\/le-6-espace-rencontre-et-initiatives.fr\/index.php\/2022\/01\/28\/le-printemps-de-la-rue-creative\/#article","isPartOf":{"@id":"https:\/\/le-6-espace-rencontre-et-initiatives.fr\/index.php\/2022\/01\/28\/le-printemps-de-la-rue-creative\/"},"author":{"name":"collectifs","@id":"https:\/\/le-6-espace-rencontre-et-initiatives.fr\/#\/schema\/person\/dbc291cd7e031ad95bd8a4fe7e73416e"},"headline":"Le Printemps de la rue cr\u00e9ative","datePublished":"2022-01-28T17:51:51+00:00","dateModified":"2022-01-28T19:47:01+00:00","mainEntityOfPage":{"@id":"https:\/\/le-6-espace-rencontre-et-initiatives.fr\/index.php\/2022\/01\/28\/le-printemps-de-la-rue-creative\/"},"wordCount":278,"publisher":{"@id":"https:\/\/le-6-espace-rencontre-et-initiatives.fr\/#organization"},"image":{"@id":"https:\/\/le-6-espace-rencontre-et-initiatives.fr\/index.php\/2022\/01\/28\/le-printemps-de-la-rue-creative\/#primaryimage"},"thumbnailUrl":"https:\/\/le-6-espace-rencontre-et-initiatives.fr\/wp-content\/uploads\/2022\/01\/Le-printemps-de-la-rue-creative-bandeau.jpg","inLanguage":"fr-FR"},{"@type":"WebPage","@id":"https:\/\/le-6-espace-rencontre-et-initiatives.fr\/index.php\/2022\/01\/28\/le-printemps-de-la-rue-creative\/","url":"https:\/\/le-6-espace-rencontre-et-initiatives.fr\/index.php\/2022\/01\/28\/le-printemps-de-la-rue-creative\/","name":"Le Printemps de la rue cr\u00e9ative - Le 6 Espace Rencontre et Initiatives","isPartOf":{"@id":"https:\/\/le-6-espace-rencontre-et-initiatives.fr\/#website"},"primaryImageOfPage":{"@id":"https:\/\/le-6-espace-rencontre-et-initiatives.fr\/index.php\/2022\/01\/28\/le-printemps-de-la-rue-creative\/#primaryimage"},"image":{"@id":"https:\/\/le-6-espace-rencontre-et-initiatives.fr\/index.php\/2022\/01\/28\/le-printemps-de-la-rue-creative\/#primaryimage"},"thumbnailUrl":"https:\/\/le-6-espace-rencontre-et-initiatives.fr\/wp-content\/uploads\/2022\/01\/Le-printemps-de-la-rue-creative-bandeau.jpg","datePublished":"2022-01-28T17:51:51+00:00","dateModified":"2022-01-28T19:47:01+00:00","breadcrumb":{"@id":"https:\/\/le-6-espace-rencontre-et-initiatives.fr\/index.php\/2022\/01\/28\/le-printemps-de-la-rue-creative\/#breadcrumb"},"inLanguage":"fr-FR","potentialAction":[{"@type":"ReadAction","target":["https:\/\/le-6-espace-rencontre-et-initiatives.fr\/index.php\/2022\/01\/28\/le-printemps-de-la-rue-creative\/"]}]},{"@type":"ImageObject","inLanguage":"fr-FR","@id":"https:\/\/le-6-espace-rencontre-et-initiatives.fr\/index.php\/2022\/01\/28\/le-printemps-de-la-rue-creative\/#primaryimage","url":"https:\/\/le-6-espace-rencontre-et-initiatives.fr\/wp-content\/uploads\/2022\/01\/Le-printemps-de-la-rue-creative-bandeau.jpg","contentUrl":"https:\/\/le-6-espace-rencontre-et-initiatives.fr\/wp-content\/uploads\/2022\/01\/Le-printemps-de-la-rue-creative-bandeau.jpg","width":1095,"height":479,"caption":"Bandeau pour printemps de la rue cr\u00e9ative"},{"@type":"BreadcrumbList","@id":"https:\/\/le-6-espace-rencontre-et-initiatives.fr\/index.php\/2022\/01\/28\/le-printemps-de-la-rue-creative\/#breadcrumb","itemListElement":[{"@type":"ListItem","position":1,"name":"Accueil","item":"https:\/\/le-6-espace-rencontre-et-initiatives.fr\/"},{"@type":"ListItem","position":2,"name":"Le Printemps de la rue cr\u00e9ative"}]},{"@type":"WebSite","@id":"https:\/\/le-6-espace-rencontre-et-initiatives.fr\/#website","url":"https:\/\/le-6-espace-rencontre-et-initiatives.fr\/","name":"Le 6 Espace Rencontre et Initiatives","description":"Ce site pr\u00e9sente une vue d&#039;ensemble de l&#039;histoire et des actions du &quot;6&quot; \u00e0 Rennes","publisher":{"@id":"https:\/\/le-6-espace-rencontre-et-initiatives.fr\/#organization"},"potentialAction":[{"@type":"SearchAction","target":{"@type":"EntryPoint","urlTemplate":"https:\/\/le-6-espace-rencontre-et-initiatives.fr\/?s={search_term_string}"},"query-input":{"@type":"PropertyValueSpecification","valueRequired":true,"valueName":"search_term_string"}}],"inLanguage":"fr-FR"},{"@type":"Organization","@id":"https:\/\/le-6-espace-rencontre-et-initiatives.fr\/#organization","name":"Les collectifs du 6","url":"https:\/\/le-6-espace-rencontre-et-initiatives.fr\/","logo":{"@type":"ImageObject","inLanguage":"fr-FR","@id":"https:\/\/le-6-espace-rencontre-et-initiatives.fr\/#\/schema\/logo\/image\/","url":"https:\/\/le-6-espace-rencontre-et-initiatives.fr\/wp-content\/uploads\/2021\/01\/Logo-Collectifs-du-6.png","contentUrl":"https:\/\/le-6-espace-rencontre-et-initiatives.fr\/wp-content\/uploads\/2021\/01\/Logo-Collectifs-du-6.png","width":336,"height":342,"caption":"Les collectifs du 6"},"image":{"@id":"https:\/\/le-6-espace-rencontre-et-initiatives.fr\/#\/schema\/logo\/image\/"},"sameAs":["https:\/\/www.facebook.com\/espacerencontrele6rennes"]},{"@type":"Person","@id":"https:\/\/le-6-espace-rencontre-et-initiatives.fr\/#\/schema\/person\/dbc291cd7e031ad95bd8a4fe7e73416e","name":"collectifs","image":{"@type":"ImageObject","inLanguage":"fr-FR","@id":"https:\/\/secure.gravatar.com\/avatar\/bd8ce97ffcdc8b874936274cc23aa49553482c5ebf939d440b3d0da214d87348?s=96&d=mm&r=g","url":"https:\/\/secure.gravatar.com\/avatar\/bd8ce97ffcdc8b874936274cc23aa49553482c5ebf939d440b3d0da214d87348?s=96&d=mm&r=g","contentUrl":"https:\/\/secure.gravatar.com\/avatar\/bd8ce97ffcdc8b874936274cc23aa49553482c5ebf939d440b3d0da214d87348?s=96&d=mm&r=g","caption":"collectifs"},"sameAs":["http:\/\/le-6-espace-rencontre-et-initiatives.fr"]}]}},"_links":{"self":[{"href":"https:\/\/le-6-espace-rencontre-et-initiatives.fr\/index.php\/wp-json\/wp\/v2\/posts\/10836","targetHints":{"allow":["GET"]}}],"collection":[{"href":"https:\/\/le-6-espace-rencontre-et-initiatives.fr\/index.php\/wp-json\/wp\/v2\/posts"}],"about":[{"href":"https:\/\/le-6-espace-rencontre-et-initiatives.fr\/index.php\/wp-json\/wp\/v2\/types\/post"}],"author":[{"embeddable":true,"href":"https:\/\/le-6-espace-rencontre-et-initiatives.fr\/index.php\/wp-json\/wp\/v2\/users\/1"}],"replies":[{"embeddable":true,"href":"https:\/\/le-6-espace-rencontre-et-initiatives.fr\/index.php\/wp-json\/wp\/v2\/comments?post=10836"}],"version-history":[{"count":0,"href":"https:\/\/le-6-espace-rencontre-et-initiatives.fr\/index.php\/wp-json\/wp\/v2\/posts\/10836\/revisions"}],"wp:featuredmedia":[{"embeddable":true,"href":"https:\/\/le-6-espace-rencontre-et-initiatives.fr\/index.php\/wp-json\/wp\/v2\/media\/10950"}],"wp:attachment":[{"href":"https:\/\/le-6-espace-rencontre-et-initiatives.fr\/index.php\/wp-json\/wp\/v2\/media?parent=10836"}],"wp:term":[{"taxonomy":"category","embeddable":true,"href":"https:\/\/le-6-espace-rencontre-et-initiatives.fr\/index.php\/wp-json\/wp\/v2\/categories?post=10836"},{"taxonomy":"post_tag","embeddable":true,"href":"https:\/\/le-6-espace-rencontre-et-initiatives.fr\/index.php\/wp-json\/wp\/v2\/tags?post=10836"}],"curies":[{"name":"wp","href":"https:\/\/api.w.org\/{rel}","templated":true}]}}